{"id":1804,"date":"2015-10-09T09:47:07","date_gmt":"2015-10-09T07:47:07","guid":{"rendered":"https:\/\/katharina-heinroth-grundschule.de\/?p=1804"},"modified":"2021-08-10T16:07:11","modified_gmt":"2021-08-10T14:07:11","slug":"1-gev-201516","status":"publish","type":"post","link":"http:\/\/katharina-heinroth-grundschule.de\/pl\/2015\/10\/09\/1-gev-201516\/","title":{"rendered":"1. SEZON 2015\/16"},"content":{"rendered":"<p>Pierwsza konferencja rodzic\u00f3w w tym roku szkolnym odb\u0119dzie si\u0119 13 pa\u017adziernika 2015 r. o godz. 19.00 . Wi\u0119cej informacji mo\u017cna znale\u017a\u0107 <a href=\"https:\/\/katharina-heinroth-grundschule.de\/pl\/eltern-gev\/\">tutaj<\/a>.<\/p>","protected":false},"excerpt":{"rendered":"<p>Pierwsza og\u00f3lna konferencja rodzic\u00f3w w tym roku szkolnym odb\u0119dzie si\u0119 13 pa\u017adziernika 2015 r. o godz. 19.00 . Wi\u0119cej informacji mo\u017cna znale\u017a\u0107 tutaj.<\/p>","protected":false},"author":3,"featured_media":0,"comment_status":"open","ping_status":"open","sticky":false,"template":"","format":"standard","meta":{"neve_meta_sidebar":"","neve_meta_container":"","neve_meta_enable_content_width":"","neve_meta_content_width":0,"neve_meta_title_alignment":"","neve_meta_author_avatar":"","neve_post_elements_order":"","neve_meta_disable_header":"","neve_meta_disable_footer":"","neve_meta_disable_title":"","footnotes":""},"categories":[21],"tags":[],"class_list":["post-1804","post","type-post","status-publish","format-standard","hentry","category-ankuendigungen"],"jetpack_featured_media_url":"","_links":{"self":[{"href":"http:\/\/katharina-heinroth-grundschule.de\/pl\/wp-json\/wp\/v2\/posts\/1804","targetHints":{"allow":["GET"]}}],"collection":[{"href":"http:\/\/katharina-heinroth-grundschule.de\/pl\/wp-json\/wp\/v2\/posts"}],"about":[{"href":"http:\/\/katharina-heinroth-grundschule.de\/pl\/wp-json\/wp\/v2\/types\/post"}],"author":[{"embeddable":true,"href":"http:\/\/katharina-heinroth-grundschule.de\/pl\/wp-json\/wp\/v2\/users\/3"}],"replies":[{"embeddable":true,"href":"http:\/\/katharina-heinroth-grundschule.de\/pl\/wp-json\/wp\/v2\/comments?post=1804"}],"version-history":[{"count":0,"href":"http:\/\/katharina-heinroth-grundschule.de\/pl\/wp-json\/wp\/v2\/posts\/1804\/revisions"}],"wp:attachment":[{"href":"http:\/\/katharina-heinroth-grundschule.de\/pl\/wp-json\/wp\/v2\/media?parent=1804"}],"wp:term":[{"taxonomy":"category","embeddable":true,"href":"http:\/\/katharina-heinroth-grundschule.de\/pl\/wp-json\/wp\/v2\/categories?post=1804"},{"taxonomy":"post_tag","embeddable":true,"href":"http:\/\/katharina-heinroth-grundschule.de\/pl\/wp-json\/wp\/v2\/tags?post=1804"}],"curies":[{"name":"wp","href":"https:\/\/api.w.org\/{rel}","templated":true}]}}