{"id":3263,"date":"2016-06-09T14:50:36","date_gmt":"2016-06-09T12:50:36","guid":{"rendered":"https:\/\/katharina-heinroth-grundschule.de\/?p=3263"},"modified":"2021-08-10T16:06:42","modified_gmt":"2021-08-10T14:06:42","slug":"grand-prix-der-europaschulen","status":"publish","type":"post","link":"http:\/\/katharina-heinroth-grundschule.de\/pl\/2016\/06\/09\/grand-prix-der-europaschulen\/","title":{"rendered":"Grand Prix Szk\u00f3\u0142 Europejskich"},"content":{"rendered":"<p>[vc_row][vc_column][vc_column_text]<\/p>\n<p style=\"text-align: justify;\">Anl\u00e4sslich der Europawoche fand im Freizeit- und Erholungszentrum (FEZ) Wuhlheide der \u201eGrand prix de la petite chanson\u201c statt. W\u00e4hrend dieses Sprachen- und Kulturfestes f\u00fchren die Sch\u00fclerinnen und Sch\u00fcler aller SESB-Grundschulen Lieder und T\u00e4nze aus ihren Heimat- und Partnerl\u00e4ndern vor. Unsere Schule wurde durch die Volkstanzgruppe \u201eKrakowiacy\u201c mit der Auff\u00fchrung zweier traditioneller polnischer T\u00e4nze &#8211; Polonez und Polka &#8211; repr\u00e4sentiert. Neben der Lieder- und Tanzdarbietungen war es \u00fcberaus beeindruckend zu sehen, wie engagiert die beteiligten Sch\u00fclerinnen und Sch\u00fcler ihre sprachliche Kompetenz in ihrer eigenen Muttersprache sowie in ihrer Partnersprache pr\u00e4sentierten.<\/p>\n<p>[\/vc_column_text][vc_empty_space][\/vc_column][\/vc_row][vc_row][vc_column width=&#8220;1\/1&#8243;][vc_gallery type=&#8220;image_grid&#8220; interval=&#8220;3&#8243; images=&#8220;3281,3282,3283,3280&#8243; onclick=&#8220;link_image&#8220; custom_links_target=&#8220;_self&#8220;][\/vc_column][\/vc_row][vc_row][vc_column width=&#8220;1\/1&#8243;][vc_column_text]<br \/>\n[\/vc_column_text][\/vc_column][\/vc_row]<\/p>\n","protected":false},"excerpt":{"rendered":"<p>[vc_row][vc_column][vc_column_text] Anl\u00e4sslich der Europawoche fand im Freizeit- und Erholungszentrum (FEZ) Wuhlheide der \u201eGrand prix de la petite chanson\u201c statt. W\u00e4hrend dieses Sprachen- und Kulturfestes f\u00fchren die Sch\u00fclerinnen und Sch\u00fcler aller SESB-Grundschulen Lieder und T\u00e4nze aus ihren Heimat- und Partnerl\u00e4ndern vor. Unsere Schule wurde durch die Volkstanzgruppe \u201eKrakowiacy\u201c mit der Auff\u00fchrung zweier traditioneller polnischer T\u00e4nze &#8211;&hellip;&nbsp;<a href=\"http:\/\/katharina-heinroth-grundschule.de\/pl\/2016\/06\/09\/grand-prix-der-europaschulen\/\" rel=\"bookmark\">Dowiedz si\u0119 wi\u0119cej &raquo;<span class=\"screen-reader-text\">Grand Prix der Europaschulen<\/span><\/a><\/p>\n","protected":false},"author":3,"featured_media":0,"comment_status":"closed","ping_status":"open","sticky":false,"template":"","format":"standard","meta":{"neve_meta_sidebar":"","neve_meta_container":"","neve_meta_enable_content_width":"","neve_meta_content_width":0,"neve_meta_title_alignment":"","neve_meta_author_avatar":"","neve_post_elements_order":"","neve_meta_disable_header":"","neve_meta_disable_footer":"","neve_meta_disable_title":"","footnotes":""},"categories":[1],"tags":[],"class_list":["post-3263","post","type-post","status-publish","format-standard","hentry","category-uncategorized"],"jetpack_featured_media_url":"","_links":{"self":[{"href":"http:\/\/katharina-heinroth-grundschule.de\/pl\/wp-json\/wp\/v2\/posts\/3263","targetHints":{"allow":["GET"]}}],"collection":[{"href":"http:\/\/katharina-heinroth-grundschule.de\/pl\/wp-json\/wp\/v2\/posts"}],"about":[{"href":"http:\/\/katharina-heinroth-grundschule.de\/pl\/wp-json\/wp\/v2\/types\/post"}],"author":[{"embeddable":true,"href":"http:\/\/katharina-heinroth-grundschule.de\/pl\/wp-json\/wp\/v2\/users\/3"}],"replies":[{"embeddable":true,"href":"http:\/\/katharina-heinroth-grundschule.de\/pl\/wp-json\/wp\/v2\/comments?post=3263"}],"version-history":[{"count":0,"href":"http:\/\/katharina-heinroth-grundschule.de\/pl\/wp-json\/wp\/v2\/posts\/3263\/revisions"}],"wp:attachment":[{"href":"http:\/\/katharina-heinroth-grundschule.de\/pl\/wp-json\/wp\/v2\/media?parent=3263"}],"wp:term":[{"taxonomy":"category","embeddable":true,"href":"http:\/\/katharina-heinroth-grundschule.de\/pl\/wp-json\/wp\/v2\/categories?post=3263"},{"taxonomy":"post_tag","embeddable":true,"href":"http:\/\/katharina-heinroth-grundschule.de\/pl\/wp-json\/wp\/v2\/tags?post=3263"}],"curies":[{"name":"wp","href":"https:\/\/api.w.org\/{rel}","templated":true}]}}