{"id":390,"date":"2015-08-13T12:52:31","date_gmt":"2015-08-13T10:52:31","guid":{"rendered":"https:\/\/katharina-heinroth-grundschule.de\/?p=390"},"modified":"2021-08-10T16:07:25","modified_gmt":"2021-08-10T14:07:25","slug":"workshop-unser-neuer-schulhof","status":"publish","type":"post","link":"http:\/\/katharina-heinroth-grundschule.de\/pl\/2015\/08\/13\/workshop-unser-neuer-schulhof\/","title":{"rendered":"Warsztaty \"Nasze nowe podw\u00f3rko szkolne\" (26\/02\/2015)"},"content":{"rendered":"<p>Podczas warsztat\u00f3w projektowania szkolnego placu zabaw dzieci ze wszystkich klas da\u0142y upust swojej kreatywno\u015bci. Prowadzi\u0142 je architekt, kt\u00f3ry r\u00f3wnie\u017c planuje nowy szkolny plac zabaw.<\/p>\n<p>Oto kilka pomys\u0142\u00f3w uczni\u00f3w: chi\u0144ska brama, hotel dla owad\u00f3w, jaskinie, kawiarnia, kamienne \u0142awki, bungalow, hamak, drzewa wspinaczkowe, rzeka z wisz\u0105cym mostem, ogr\u00f3d zio\u0142owy, kamienne \u0142\u00f3\u017cko, owce, kury, drzewa owocowe, mozaiki, gliniany piec, piasek, kolorowe \u015bciany, wierzbowa brama itp.<\/p>\n<p>Jeste\u015bmy podekscytowani, aby zobaczy\u0107, czy architekt mo\u017ce zrealizowa\u0107 wszystkie \u017cyczenia i pomys\u0142y!<\/p>\n<p><a href=\"https:\/\/katharina-heinroth-grundschule.de\/wp-content\/uploads\/20150226-_MG_0100.jpg-.jpg\"><img fetchpriority=\"high\" decoding=\"async\" class=\"size-medium wp-image-1243\" src=\"https:\/\/katharina-heinroth-grundschule.de\/wp-content\/uploads\/20150226-_MG_0100.jpg--300x200.jpg\" alt=\"Schulhof_Modell \" width=\"300\" height=\"200\" \/><\/a><\/p>\n<p><a href=\"https:\/\/katharina-heinroth-grundschule.de\/wp-content\/uploads\/20150226-_MG_0125.jpg\"><img decoding=\"async\" class=\"alignnone size-medium wp-image-1244\" src=\"https:\/\/katharina-heinroth-grundschule.de\/wp-content\/uploads\/20150226-_MG_0125-300x200.jpg\" alt=\"20150226-_MG_0125\" width=\"300\" height=\"200\" \/><\/a> <a href=\"https:\/\/katharina-heinroth-grundschule.de\/wp-content\/uploads\/20150226-_MG_0134.jpg-.jpg\"><img decoding=\"async\" class=\"alignnone size-medium wp-image-1245\" src=\"https:\/\/katharina-heinroth-grundschule.de\/wp-content\/uploads\/20150226-_MG_0134.jpg--300x200.jpg\" alt=\"20150226-_MG_0134.jpg\" width=\"300\" height=\"200\" \/><\/a> <a href=\"https:\/\/katharina-heinroth-grundschule.de\/wp-content\/uploads\/20150226-_MG_0143.jpg\"><img loading=\"lazy\" decoding=\"async\" class=\"alignnone size-medium wp-image-1246\" src=\"https:\/\/katharina-heinroth-grundschule.de\/wp-content\/uploads\/20150226-_MG_0143-300x200.jpg\" alt=\"20150226-_MG_0143\" width=\"300\" height=\"200\" \/><\/a> <a href=\"https:\/\/katharina-heinroth-grundschule.de\/wp-content\/uploads\/20150226-_MG_0157.jpg\"><img loading=\"lazy\" decoding=\"async\" class=\"alignnone size-medium wp-image-1247\" src=\"https:\/\/katharina-heinroth-grundschule.de\/wp-content\/uploads\/20150226-_MG_0157-300x200.jpg\" alt=\"20150226-_MG_0157\" width=\"300\" height=\"200\" \/><\/a> <a href=\"https:\/\/katharina-heinroth-grundschule.de\/wp-content\/uploads\/20150226-_MG_0164.jpg\"><img loading=\"lazy\" decoding=\"async\" class=\"alignnone size-medium wp-image-1248\" src=\"https:\/\/katharina-heinroth-grundschule.de\/wp-content\/uploads\/20150226-_MG_0164-300x200.jpg\" alt=\"20150226-_MG_0164\" width=\"300\" height=\"200\" \/><\/a> <a href=\"https:\/\/katharina-heinroth-grundschule.de\/wp-content\/uploads\/20150226-_MG_0161.jpg\"><img loading=\"lazy\" decoding=\"async\" class=\"alignnone size-medium wp-image-1249\" src=\"https:\/\/katharina-heinroth-grundschule.de\/wp-content\/uploads\/20150226-_MG_0161-300x200.jpg\" alt=\"20150226-_MG_0161\" width=\"300\" height=\"200\" \/><\/a><\/p>","protected":false},"excerpt":{"rendered":"<p>In einem Workshop zur Gestaltung des Schulhofes, haben Kinder aus allen Klassen ihrer Kreativit\u00e4t freien Lauf gelassen. Angeleitet wurden sie\u00a0durch eine Architektin, die auch den neuen Schulhof plant. Hier ein paar Ideen der Sch\u00fcler: Chinesisches Tor, Insektenhotel, H\u00f6hlen, Cafeteria, Steinb\u00e4nke, Bungalow, H\u00e4ngematte, Kletterb\u00e4ume, Flu\u00df mit H\u00e4ngebr\u00fccke, Kr\u00e4utergarten, Steinbeet, Schafe, H\u00fchner, Fr\u00fcchteb\u00e4ume, Mosaike, Lehmofen, Sand, bunte&hellip;&nbsp;<a href=\"http:\/\/katharina-heinroth-grundschule.de\/pl\/2015\/08\/13\/workshop-unser-neuer-schulhof\/\" rel=\"bookmark\">Dowiedz si\u0119 wi\u0119cej \u00bb<span class=\"screen-reader-text\">Warsztaty \"Nasze nowe podw\u00f3rko szkolne\" (26\/02\/2015)<\/span><\/a><\/p>","protected":false},"author":3,"featured_media":0,"comment_status":"open","ping_status":"open","sticky":false,"template":"","format":"standard","meta":{"neve_meta_sidebar":"","neve_meta_container":"","neve_meta_enable_content_width":"","neve_meta_content_width":0,"neve_meta_title_alignment":"","neve_meta_author_avatar":"","neve_post_elements_order":"","neve_meta_disable_header":"","neve_meta_disable_footer":"","neve_meta_disable_title":"","footnotes":""},"categories":[1],"tags":[],"class_list":["post-390","post","type-post","status-publish","format-standard","hentry","category-uncategorized"],"jetpack_featured_media_url":"","_links":{"self":[{"href":"http:\/\/katharina-heinroth-grundschule.de\/pl\/wp-json\/wp\/v2\/posts\/390","targetHints":{"allow":["GET"]}}],"collection":[{"href":"http:\/\/katharina-heinroth-grundschule.de\/pl\/wp-json\/wp\/v2\/posts"}],"about":[{"href":"http:\/\/katharina-heinroth-grundschule.de\/pl\/wp-json\/wp\/v2\/types\/post"}],"author":[{"embeddable":true,"href":"http:\/\/katharina-heinroth-grundschule.de\/pl\/wp-json\/wp\/v2\/users\/3"}],"replies":[{"embeddable":true,"href":"http:\/\/katharina-heinroth-grundschule.de\/pl\/wp-json\/wp\/v2\/comments?post=390"}],"version-history":[{"count":0,"href":"http:\/\/katharina-heinroth-grundschule.de\/pl\/wp-json\/wp\/v2\/posts\/390\/revisions"}],"wp:attachment":[{"href":"http:\/\/katharina-heinroth-grundschule.de\/pl\/wp-json\/wp\/v2\/media?parent=390"}],"wp:term":[{"taxonomy":"category","embeddable":true,"href":"http:\/\/katharina-heinroth-grundschule.de\/pl\/wp-json\/wp\/v2\/categories?post=390"},{"taxonomy":"post_tag","embeddable":true,"href":"http:\/\/katharina-heinroth-grundschule.de\/pl\/wp-json\/wp\/v2\/tags?post=390"}],"curies":[{"name":"wp","href":"https:\/\/api.w.org\/{rel}","templated":true}]}}