{"id":4235,"date":"2017-07-25T14:13:08","date_gmt":"2017-07-25T12:13:08","guid":{"rendered":"https:\/\/katharina-heinroth-grundschule.de\/?p=4235"},"modified":"2017-07-25T14:13:08","modified_gmt":"2017-07-25T12:13:08","slug":"verabschiedung-der-6-klassen-2","status":"publish","type":"post","link":"http:\/\/katharina-heinroth-grundschule.de\/pl\/2017\/07\/25\/verabschiedung-der-6-klassen-2\/","title":{"rendered":"Po\u017cegnanie sz\u00f3stej klasy"},"content":{"rendered":"<p>[vc_row][vc_column width=&#8220;1\/1&#8243;][vc_column_text]Einen Tag vor dem Schuljahresende haben sich die Sch\u00fclerinnen und Sch\u00fcler der 6. Klassen von unserer Schule verabschiedet. Nach einleitenden Worten von Fr. Kampes waren es die baldigen Obersch\u00fcler, die dem Abend einen w\u00fcrdigen Rahmen gaben. Es wurde synchron getanzt, Akkordeon gespielt und Sketche auf Englisch aufgef\u00fchrt. Im Anschluss wurden noch mehrere Sch\u00fclerinnen und Sch\u00fcler f\u00fcr ihre Talente und Ergebnisse in diesem Schuljahr geehrt. So gab es unter anderem Spitzenpl\u00e4tze beim Big-Challenge-Wettbewerb (Englisch) sowie einem Schreibcontest in Polnisch.<\/p>\n<p>Dann war es soweit und die Schulabg\u00e4nger reihten sich auf, um ihr letztes Grundschulzeugnis in Empfang zu nehmen. Es war viel Freude und die ein oder andere Tr\u00e4ne zu erkennen&#8230;<\/p>\n<p>&nbsp;<\/p>\n<p>Wir w\u00fcnschen allen Kindern auf ihrem weiteren Weg des Erwachsenwerdens alles Gute![\/vc_column_text][\/vc_column][\/vc_row][vc_row][vc_column width=&#8220;1\/1&#8243;][vc_gallery type=&#8220;image_grid&#8220; interval=&#8220;3&#8243; images=&#8220;4212,4205,4206,4207,4210,4209,4208,4211,4204,4214,4215,4213,4216,4217,4219,4218&#8243; onclick=&#8220;link_image&#8220; custom_links_target=&#8220;_self&#8220;][\/vc_column][\/vc_row]<\/p>\n","protected":false},"excerpt":{"rendered":"<p>[vc_row][vc_column width=&#8220;1\/1&#8243;][vc_column_text]Einen Tag vor dem Schuljahresende haben sich die Sch\u00fclerinnen und Sch\u00fcler der 6. Klassen von unserer Schule verabschiedet. Nach einleitenden Worten von Fr. Kampes waren es die baldigen Obersch\u00fcler, die dem Abend einen w\u00fcrdigen Rahmen gaben. Es wurde synchron getanzt, Akkordeon gespielt und Sketche auf Englisch aufgef\u00fchrt. Im Anschluss wurden noch mehrere Sch\u00fclerinnen und&hellip;&nbsp;<a href=\"http:\/\/katharina-heinroth-grundschule.de\/pl\/2017\/07\/25\/verabschiedung-der-6-klassen-2\/\" rel=\"bookmark\">Dowiedz si\u0119 wi\u0119cej &raquo;<span class=\"screen-reader-text\">Verabschiedung der 6. Klassen<\/span><\/a><\/p>\n","protected":false},"author":1,"featured_media":0,"comment_status":"closed","ping_status":"open","sticky":false,"template":"","format":"standard","meta":{"neve_meta_sidebar":"","neve_meta_container":"","neve_meta_enable_content_width":"","neve_meta_content_width":0,"neve_meta_title_alignment":"","neve_meta_author_avatar":"","neve_post_elements_order":"","neve_meta_disable_header":"","neve_meta_disable_footer":"","neve_meta_disable_title":"","footnotes":""},"categories":[1],"tags":[],"class_list":["post-4235","post","type-post","status-publish","format-standard","hentry","category-uncategorized"],"jetpack_featured_media_url":"","_links":{"self":[{"href":"http:\/\/katharina-heinroth-grundschule.de\/pl\/wp-json\/wp\/v2\/posts\/4235","targetHints":{"allow":["GET"]}}],"collection":[{"href":"http:\/\/katharina-heinroth-grundschule.de\/pl\/wp-json\/wp\/v2\/posts"}],"about":[{"href":"http:\/\/katharina-heinroth-grundschule.de\/pl\/wp-json\/wp\/v2\/types\/post"}],"author":[{"embeddable":true,"href":"http:\/\/katharina-heinroth-grundschule.de\/pl\/wp-json\/wp\/v2\/users\/1"}],"replies":[{"embeddable":true,"href":"http:\/\/katharina-heinroth-grundschule.de\/pl\/wp-json\/wp\/v2\/comments?post=4235"}],"version-history":[{"count":0,"href":"http:\/\/katharina-heinroth-grundschule.de\/pl\/wp-json\/wp\/v2\/posts\/4235\/revisions"}],"wp:attachment":[{"href":"http:\/\/katharina-heinroth-grundschule.de\/pl\/wp-json\/wp\/v2\/media?parent=4235"}],"wp:term":[{"taxonomy":"category","embeddable":true,"href":"http:\/\/katharina-heinroth-grundschule.de\/pl\/wp-json\/wp\/v2\/categories?post=4235"},{"taxonomy":"post_tag","embeddable":true,"href":"http:\/\/katharina-heinroth-grundschule.de\/pl\/wp-json\/wp\/v2\/tags?post=4235"}],"curies":[{"name":"wp","href":"https:\/\/api.w.org\/{rel}","templated":true}]}}