{"id":550,"date":"2015-08-17T08:55:49","date_gmt":"2015-08-17T06:55:49","guid":{"rendered":"https:\/\/katharina-heinroth-grundschule.de\/?p=550"},"modified":"2021-08-10T16:07:12","modified_gmt":"2021-08-10T14:07:12","slug":"schule-ohne-rassismus-schule-mit-courage-22-01-2014","status":"publish","type":"post","link":"http:\/\/katharina-heinroth-grundschule.de\/pl\/2015\/08\/17\/schule-ohne-rassismus-schule-mit-courage-22-01-2014\/","title":{"rendered":"Z Herth\u0105 BSC przeciwko rasizmowi (22\/01\/2014)"},"content":{"rendered":"<p>[vc_row][vc_column][vc_column_text]<\/p>\n<p>Nun ist es offiziell: Die Katharina-Heinroth-Grundschule\u00a0ist Partner von &#8222;Schule ohne Rassismus \u2013 Schule mit Courage&#8220;. Gemeinsam mit den Vertretern der Aktion, \u00fcbergab\u00a0heute Hertha-Profi Lewan Kobiaschwili das Projektschild an den Schulleiter Herrn Friedrich und schenkte der Schule ein Trikot, signiert von\u00a0der gesamten\u00a0Mannschaft. &#8222;Ich bin gl\u00fccklich und stolz, dass ich euch alle auf dem Weg in diesem wichtigen Projekt unterst\u00fctzen kann. Respekt, Toleranz und das Eintreten gegen Gewalt in jeder Formsind wichtig f\u00fcr das Miteinander der Menschen. Wo ich euch helfen kann, bin ich dabei!\u201c, sagte der sympathische\u00a0Defensivroutinier. Selbst das Clubmaskottchen Herthinho ist als Pate erschienen. Mit dieser Verleihung verpflichten sich alle Sch\u00fcler, Lehrer, Erzieher, die Sekret\u00e4rin und selbst der Hausmeister f\u00fcr\u00a0ein friedliches Miteinander.\u00a0So nahm die\u00a0Schule\u00a0nicht nur die geforderte 70 Prozent-Unterschriftenquote, sondern \u00fcbersprang mit 93 Prozent die Vorgaben sehr deutlich. Als Dankesch\u00f6n schenken die Herthaner den Sch\u00fclern Eintrittskarten f\u00fcr das n\u00e4chste Heimspiel. \u00dcbrigens:\u00a0Die Profispieler stammen\u00a0aus \u00fcber zehn Nationen und sehen sich aber als ein Team. Damit sind sie genau die richtigen Vorbilder f\u00fcr dieses Projekt. Und \u00fcbrigens: Jerome Boateng dr\u00fcckte genau hier die Schulbank &#8211; und brachte es zum Nationalspieler.<\/p>\n<p>[\/vc_column_text][\/vc_column][\/vc_row][vc_row][vc_column width=&#8220;1\/1&#8243;][vc_gallery type=&#8220;image_grid&#8220; interval=&#8220;3&#8243; onclick=&#8220;link_image&#8220; custom_links_target=&#8220;_self&#8220; images=&#8220;720,721,725,727&#8243;][\/vc_column][\/vc_row]<\/p>\n","protected":false},"excerpt":{"rendered":"<p>[vc_row][vc_column][vc_column_text] Nun ist es offiziell: Die Katharina-Heinroth-Grundschule\u00a0ist Partner von &#8222;Schule ohne Rassismus \u2013 Schule mit Courage&#8220;. Gemeinsam mit den Vertretern der Aktion, \u00fcbergab\u00a0heute Hertha-Profi Lewan Kobiaschwili das Projektschild an den Schulleiter Herrn Friedrich und schenkte der Schule ein Trikot, signiert von\u00a0der gesamten\u00a0Mannschaft. &#8222;Ich bin gl\u00fccklich und stolz, dass ich euch alle auf dem Weg in&hellip;&nbsp;<a href=\"http:\/\/katharina-heinroth-grundschule.de\/pl\/2015\/08\/17\/schule-ohne-rassismus-schule-mit-courage-22-01-2014\/\" rel=\"bookmark\">Dowiedz si\u0119 wi\u0119cej &raquo;<span class=\"screen-reader-text\">Mit Hertha BSC gegen Rassismus (22.01.2014)<\/span><\/a><\/p>\n","protected":false},"author":3,"featured_media":0,"comment_status":"open","ping_status":"open","sticky":false,"template":"","format":"standard","meta":{"neve_meta_sidebar":"","neve_meta_container":"","neve_meta_enable_content_width":"","neve_meta_content_width":0,"neve_meta_title_alignment":"","neve_meta_author_avatar":"","neve_post_elements_order":"","neve_meta_disable_header":"","neve_meta_disable_footer":"","neve_meta_disable_title":"","footnotes":""},"categories":[14],"tags":[],"class_list":["post-550","post","type-post","status-publish","format-standard","hentry","category-hertha-bsc"],"jetpack_featured_media_url":"","_links":{"self":[{"href":"http:\/\/katharina-heinroth-grundschule.de\/pl\/wp-json\/wp\/v2\/posts\/550","targetHints":{"allow":["GET"]}}],"collection":[{"href":"http:\/\/katharina-heinroth-grundschule.de\/pl\/wp-json\/wp\/v2\/posts"}],"about":[{"href":"http:\/\/katharina-heinroth-grundschule.de\/pl\/wp-json\/wp\/v2\/types\/post"}],"author":[{"embeddable":true,"href":"http:\/\/katharina-heinroth-grundschule.de\/pl\/wp-json\/wp\/v2\/users\/3"}],"replies":[{"embeddable":true,"href":"http:\/\/katharina-heinroth-grundschule.de\/pl\/wp-json\/wp\/v2\/comments?post=550"}],"version-history":[{"count":0,"href":"http:\/\/katharina-heinroth-grundschule.de\/pl\/wp-json\/wp\/v2\/posts\/550\/revisions"}],"wp:attachment":[{"href":"http:\/\/katharina-heinroth-grundschule.de\/pl\/wp-json\/wp\/v2\/media?parent=550"}],"wp:term":[{"taxonomy":"category","embeddable":true,"href":"http:\/\/katharina-heinroth-grundschule.de\/pl\/wp-json\/wp\/v2\/categories?post=550"},{"taxonomy":"post_tag","embeddable":true,"href":"http:\/\/katharina-heinroth-grundschule.de\/pl\/wp-json\/wp\/v2\/tags?post=550"}],"curies":[{"name":"wp","href":"https:\/\/api.w.org\/{rel}","templated":true}]}}