{"id":9114,"date":"2026-04-26T20:11:16","date_gmt":"2026-04-26T18:11:16","guid":{"rendered":"https:\/\/katharina-heinroth-grundschule.de\/?p=9114"},"modified":"2026-04-26T20:13:04","modified_gmt":"2026-04-26T18:13:04","slug":"schulhof-aufraeumaktion-2","status":"publish","type":"post","link":"http:\/\/katharina-heinroth-grundschule.de\/pl\/2026\/04\/26\/schulhof-aufraeumaktion-2\/","title":{"rendered":"Akcja sprz\u0105tania terenu szko\u0142y"},"content":{"rendered":"<p>W sobot\u0119, 18 kwietnia, na naszym szkolnym dziedzi\u0144cu odby\u0142a si\u0119 wielka akcja sprz\u0105tania. Wsp\u00f3lnie pomagali rodzice, dzieci i wszyscy, kt\u00f3rzy chcieli wesprze\u0107 nasz\u0105 szko\u0142\u0119.<\/p>\n\n\n\n<p>W radosnej i przyjemnej atmosferze posprz\u0105tano ca\u0142y teren szkolny \u2013 zebrano stare li\u015bcie, ga\u0142\u0119zie, a tak\u017ce \u015bmieci. Dodatkowo w ogrodzie szkolnym posadzono kwiaty, kt\u00f3re teraz zdobi\u0105 teren szko\u0142y.<\/p>\n\n\n\n<p>Serdeczne podzi\u0119kowania dla wszystkich rodzic\u00f3w, sympatyk\u00f3w szko\u0142y oraz przyjaci\u00f3\u0142 za ich zaanga\u017cowanie. Szczeg\u00f3lne podzi\u0119kowania nale\u017c\u0105 si\u0119 Stowarzyszeniu Przyjaci\u00f3\u0142 Szko\u0142y za pyszne przek\u0105ski i gor\u0105ce napoje dla wszystkich uczestnik\u00f3w.<\/p>\n\n\n\n<p>Prosimy wszystkich uczni\u00f3w o uszanowanie wsp\u00f3lnej pracy \u2013 prosimy o nie wyrzucanie \u015bmieci i dbanie o nasze otoczenie!<\/p>\n\n\n\n<figure class=\"wp-block-gallery has-nested-images columns-default is-cropped wp-block-gallery-1 is-layout-flex wp-block-gallery-is-layout-flex\">\n<figure class=\"wp-block-image size-large\"><img fetchpriority=\"high\" decoding=\"async\" width=\"576\" height=\"1024\" data-id=\"9115\" src=\"https:\/\/katharina-heinroth-grundschule.de\/wp-content\/uploads\/2026\/04\/IMG-20260426-WA0034-576x1024.jpg\" alt=\"\" class=\"wp-image-9115\" srcset=\"https:\/\/katharina-heinroth-grundschule.de\/wp-content\/uploads\/2026\/04\/IMG-20260426-WA0034-576x1024.jpg 576w, https:\/\/katharina-heinroth-grundschule.de\/wp-content\/uploads\/2026\/04\/IMG-20260426-WA0034-169x300.jpg 169w, https:\/\/katharina-heinroth-grundschule.de\/wp-content\/uploads\/2026\/04\/IMG-20260426-WA0034-768x1365.jpg 768w, https:\/\/katharina-heinroth-grundschule.de\/wp-content\/uploads\/2026\/04\/IMG-20260426-WA0034-864x1536.jpg 864w, https:\/\/katharina-heinroth-grundschule.de\/wp-content\/uploads\/2026\/04\/IMG-20260426-WA0034-7x12.jpg 7w, https:\/\/katharina-heinroth-grundschule.de\/wp-content\/uploads\/2026\/04\/IMG-20260426-WA0034.jpg 1152w\" sizes=\"(max-width: 576px) 100vw, 576px\" \/><\/figure>\n\n\n\n<figure class=\"wp-block-image size-large\"><img decoding=\"async\" width=\"768\" height=\"1024\" data-id=\"9120\" src=\"https:\/\/katharina-heinroth-grundschule.de\/wp-content\/uploads\/2026\/04\/IMG-20260426-WA0030-768x1024.jpg\" alt=\"\" class=\"wp-image-9120\" srcset=\"https:\/\/katharina-heinroth-grundschule.de\/wp-content\/uploads\/2026\/04\/IMG-20260426-WA0030-768x1024.jpg 768w, https:\/\/katharina-heinroth-grundschule.de\/wp-content\/uploads\/2026\/04\/IMG-20260426-WA0030-225x300.jpg 225w, https:\/\/katharina-heinroth-grundschule.de\/wp-content\/uploads\/2026\/04\/IMG-20260426-WA0030-1152x1536.jpg 1152w, https:\/\/katharina-heinroth-grundschule.de\/wp-content\/uploads\/2026\/04\/IMG-20260426-WA0030-9x12.jpg 9w, https:\/\/katharina-heinroth-grundschule.de\/wp-content\/uploads\/2026\/04\/IMG-20260426-WA0030.jpg 1536w\" sizes=\"(max-width: 768px) 100vw, 768px\" \/><\/figure>\n\n\n\n<figure class=\"wp-block-image size-large\"><img decoding=\"async\" width=\"768\" height=\"1024\" data-id=\"9118\" src=\"https:\/\/katharina-heinroth-grundschule.de\/wp-content\/uploads\/2026\/04\/IMG-20260426-WA0031-768x1024.jpg\" alt=\"\" class=\"wp-image-9118\" srcset=\"https:\/\/katharina-heinroth-grundschule.de\/wp-content\/uploads\/2026\/04\/IMG-20260426-WA0031-768x1024.jpg 768w, https:\/\/katharina-heinroth-grundschule.de\/wp-content\/uploads\/2026\/04\/IMG-20260426-WA0031-225x300.jpg 225w, https:\/\/katharina-heinroth-grundschule.de\/wp-content\/uploads\/2026\/04\/IMG-20260426-WA0031-1152x1536.jpg 1152w, https:\/\/katharina-heinroth-grundschule.de\/wp-content\/uploads\/2026\/04\/IMG-20260426-WA0031-9x12.jpg 9w, https:\/\/katharina-heinroth-grundschule.de\/wp-content\/uploads\/2026\/04\/IMG-20260426-WA0031.jpg 1536w\" sizes=\"(max-width: 768px) 100vw, 768px\" \/><\/figure>\n\n\n\n<figure class=\"wp-block-image size-large\"><img loading=\"lazy\" decoding=\"async\" width=\"768\" height=\"1024\" data-id=\"9119\" src=\"https:\/\/katharina-heinroth-grundschule.de\/wp-content\/uploads\/2026\/04\/IMG-20260426-WA0015-768x1024.jpg\" alt=\"\" class=\"wp-image-9119\" srcset=\"https:\/\/katharina-heinroth-grundschule.de\/wp-content\/uploads\/2026\/04\/IMG-20260426-WA0015-768x1024.jpg 768w, https:\/\/katharina-heinroth-grundschule.de\/wp-content\/uploads\/2026\/04\/IMG-20260426-WA0015-225x300.jpg 225w, https:\/\/katharina-heinroth-grundschule.de\/wp-content\/uploads\/2026\/04\/IMG-20260426-WA0015-1152x1536.jpg 1152w, https:\/\/katharina-heinroth-grundschule.de\/wp-content\/uploads\/2026\/04\/IMG-20260426-WA0015-9x12.jpg 9w, https:\/\/katharina-heinroth-grundschule.de\/wp-content\/uploads\/2026\/04\/IMG-20260426-WA0015.jpg 1536w\" sizes=\"(max-width: 768px) 100vw, 768px\" \/><\/figure>\n\n\n\n<figure class=\"wp-block-image size-large\"><img loading=\"lazy\" decoding=\"async\" width=\"1024\" height=\"768\" data-id=\"9117\" src=\"https:\/\/katharina-heinroth-grundschule.de\/wp-content\/uploads\/2026\/04\/IMG-20260426-WA0029-1024x768.jpg\" alt=\"\" class=\"wp-image-9117\" srcset=\"https:\/\/katharina-heinroth-grundschule.de\/wp-content\/uploads\/2026\/04\/IMG-20260426-WA0029-1024x768.jpg 1024w, https:\/\/katharina-heinroth-grundschule.de\/wp-content\/uploads\/2026\/04\/IMG-20260426-WA0029-300x225.jpg 300w, https:\/\/katharina-heinroth-grundschule.de\/wp-content\/uploads\/2026\/04\/IMG-20260426-WA0029-768x576.jpg 768w, https:\/\/katharina-heinroth-grundschule.de\/wp-content\/uploads\/2026\/04\/IMG-20260426-WA0029-1536x1152.jpg 1536w, https:\/\/katharina-heinroth-grundschule.de\/wp-content\/uploads\/2026\/04\/IMG-20260426-WA0029-16x12.jpg 16w, https:\/\/katharina-heinroth-grundschule.de\/wp-content\/uploads\/2026\/04\/IMG-20260426-WA0029.jpg 2048w\" sizes=\"(max-width: 1024px) 100vw, 1024px\" \/><\/figure>\n<\/figure>","protected":false},"excerpt":{"rendered":"<p>W sobot\u0119, 18 kwietnia, odby\u0142a si\u0119 wielka akcja sprz\u0105tania naszego dziedzi\u0144ca szkolnego. Pomagali rodzice, dzieci i wszyscy, kt\u00f3rzy chcieli wesprze\u0107 nasz\u0105 szko\u0142\u0119. W radosnej i przyjemnej atmosferze uporz\u0105dkowano ca\u0142y teren szkolny \u2013 zebrano stare li\u015bcie, ga\u0142\u0119zie, a tak\u017ce \u015bmieci. Dodatkowo posadzono kwiaty w ogrodzie szkolnym, kt\u00f3re teraz zdobi\u0105 teren szkolny\u2026&nbsp;<a href=\"http:\/\/katharina-heinroth-grundschule.de\/pl\/2026\/04\/26\/schulhof-aufraeumaktion-2\/\" rel=\"bookmark\">Dowiedz si\u0119 wi\u0119cej \u00bb<span class=\"screen-reader-text\">Akcja sprz\u0105tania terenu szko\u0142y<\/span><\/a><\/p>","protected":false},"author":4,"featured_media":9119,"comment_status":"closed","ping_status":"closed","sticky":false,"template":"","format":"standard","meta":{"neve_meta_sidebar":"","neve_meta_container":"","neve_meta_enable_content_width":"","neve_meta_content_width":0,"neve_meta_title_alignment":"","neve_meta_author_avatar":"","neve_post_elements_order":"","neve_meta_disable_header":"","neve_meta_disable_footer":"","neve_meta_disable_title":"","footnotes":""},"categories":[21,11,111],"tags":[],"class_list":["post-9114","post","type-post","status-publish","format-standard","has-post-thumbnail","hentry","category-ankuendigungen","category-foerderverein","category-schulalltag"],"jetpack_featured_media_url":"https:\/\/katharina-heinroth-grundschule.de\/wp-content\/uploads\/2026\/04\/IMG-20260426-WA0015.jpg","_links":{"self":[{"href":"http:\/\/katharina-heinroth-grundschule.de\/pl\/wp-json\/wp\/v2\/posts\/9114","targetHints":{"allow":["GET"]}}],"collection":[{"href":"http:\/\/katharina-heinroth-grundschule.de\/pl\/wp-json\/wp\/v2\/posts"}],"about":[{"href":"http:\/\/katharina-heinroth-grundschule.de\/pl\/wp-json\/wp\/v2\/types\/post"}],"author":[{"embeddable":true,"href":"http:\/\/katharina-heinroth-grundschule.de\/pl\/wp-json\/wp\/v2\/users\/4"}],"replies":[{"embeddable":true,"href":"http:\/\/katharina-heinroth-grundschule.de\/pl\/wp-json\/wp\/v2\/comments?post=9114"}],"version-history":[{"count":2,"href":"http:\/\/katharina-heinroth-grundschule.de\/pl\/wp-json\/wp\/v2\/posts\/9114\/revisions"}],"predecessor-version":[{"id":9122,"href":"http:\/\/katharina-heinroth-grundschule.de\/pl\/wp-json\/wp\/v2\/posts\/9114\/revisions\/9122"}],"wp:featuredmedia":[{"embeddable":true,"href":"http:\/\/katharina-heinroth-grundschule.de\/pl\/wp-json\/wp\/v2\/media\/9119"}],"wp:attachment":[{"href":"http:\/\/katharina-heinroth-grundschule.de\/pl\/wp-json\/wp\/v2\/media?parent=9114"}],"wp:term":[{"taxonomy":"category","embeddable":true,"href":"http:\/\/katharina-heinroth-grundschule.de\/pl\/wp-json\/wp\/v2\/categories?post=9114"},{"taxonomy":"post_tag","embeddable":true,"href":"http:\/\/katharina-heinroth-grundschule.de\/pl\/wp-json\/wp\/v2\/tags?post=9114"}],"curies":[{"name":"wp","href":"https:\/\/api.w.org\/{rel}","templated":true}]}}