{"id":947,"date":"2014-04-02T09:51:22","date_gmt":"2014-04-02T07:51:22","guid":{"rendered":"https:\/\/katharina-heinroth-grundschule.de\/?p=947"},"modified":"2021-08-10T16:07:26","modified_gmt":"2021-08-10T14:07:26","slug":"neu-blog-zum-projekt-schule-ohne-rassismus-schule-mit-courage","status":"publish","type":"post","link":"http:\/\/katharina-heinroth-grundschule.de\/pl\/2014\/04\/02\/neu-blog-zum-projekt-schule-ohne-rassismus-schule-mit-courage\/","title":{"rendered":"Nowo\u015b\u0107! Blog o projekcie \"Szko\u0142a bez rasizmu - szko\u0142a z odwag\u0105\""},"content":{"rendered":"<p>Od teraz dost\u0119pne s\u0105 <a href=\"https:\/\/katharina-heinroth-grundschule.de\/pl\/schule-ohne-rassismus-schule-mit-courage\/\">tutaj<\/a> Na naszej stronie internetowej znajdziesz wszystkie informacje na temat projektu \"Szko\u0142a bez rasizmu - szko\u0142a z odwag\u0105\".<\/p>","protected":false},"excerpt":{"rendered":"<p>Wszystkie informacje na temat projektu \"Szko\u0142a bez rasizmu - szko\u0142a z odwag\u0105\" mo\u017cna teraz znale\u017a\u0107 na naszej stronie internetowej.<\/p>","protected":false},"author":3,"featured_media":0,"comment_status":"open","ping_status":"open","sticky":false,"template":"","format":"standard","meta":{"neve_meta_sidebar":"","neve_meta_container":"","neve_meta_enable_content_width":"","neve_meta_content_width":0,"neve_meta_title_alignment":"","neve_meta_author_avatar":"","neve_post_elements_order":"","neve_meta_disable_header":"","neve_meta_disable_footer":"","neve_meta_disable_title":"","footnotes":""},"categories":[21,14],"tags":[],"class_list":["post-947","post","type-post","status-publish","format-standard","hentry","category-ankuendigungen","category-hertha-bsc"],"jetpack_featured_media_url":"","_links":{"self":[{"href":"http:\/\/katharina-heinroth-grundschule.de\/pl\/wp-json\/wp\/v2\/posts\/947","targetHints":{"allow":["GET"]}}],"collection":[{"href":"http:\/\/katharina-heinroth-grundschule.de\/pl\/wp-json\/wp\/v2\/posts"}],"about":[{"href":"http:\/\/katharina-heinroth-grundschule.de\/pl\/wp-json\/wp\/v2\/types\/post"}],"author":[{"embeddable":true,"href":"http:\/\/katharina-heinroth-grundschule.de\/pl\/wp-json\/wp\/v2\/users\/3"}],"replies":[{"embeddable":true,"href":"http:\/\/katharina-heinroth-grundschule.de\/pl\/wp-json\/wp\/v2\/comments?post=947"}],"version-history":[{"count":0,"href":"http:\/\/katharina-heinroth-grundschule.de\/pl\/wp-json\/wp\/v2\/posts\/947\/revisions"}],"wp:attachment":[{"href":"http:\/\/katharina-heinroth-grundschule.de\/pl\/wp-json\/wp\/v2\/media?parent=947"}],"wp:term":[{"taxonomy":"category","embeddable":true,"href":"http:\/\/katharina-heinroth-grundschule.de\/pl\/wp-json\/wp\/v2\/categories?post=947"},{"taxonomy":"post_tag","embeddable":true,"href":"http:\/\/katharina-heinroth-grundschule.de\/pl\/wp-json\/wp\/v2\/tags?post=947"}],"curies":[{"name":"wp","href":"https:\/\/api.w.org\/{rel}","templated":true}]}}