{"id":956,"date":"2015-06-28T08:09:38","date_gmt":"2015-06-28T06:09:38","guid":{"rendered":"https:\/\/katharina-heinroth-grundschule.de\/?p=956"},"modified":"2021-08-10T16:07:25","modified_gmt":"2021-08-10T14:07:25","slug":"28-06-2015-tanz-ist-klasse","status":"publish","type":"post","link":"http:\/\/katharina-heinroth-grundschule.de\/pl\/2015\/06\/28\/28-06-2015-tanz-ist-klasse\/","title":{"rendered":"Taniec jest \u015bwietny!"},"content":{"rendered":"<p>Nasza szko\u0142a od pocz\u0105tku roku szkolnego bierze udzia\u0142 w projekcie \"LET'S GL\u00c4NZ\" organizowanym przez stowarzyszenie Tanz ist KLASSE e.V. we wsp\u00f3\u0142pracy z Staatsballett Berlin. Dzisiaj, 28 czerwca o godzinie 16:00, kilka szk\u00f3\u0142 zaprezentuje si\u0119 podczas publicznego wyst\u0119pu w Mercedes Benz Commercial Vehicle Centre Berlin Neudecker Weg 6 \/ 12355 Berlin. \u017byczymy naszym tancerzom samych sukces\u00f3w i dobrej zabawy!<\/p>","protected":false},"excerpt":{"rendered":"<p>Unsere Schule\u00a0nimmt seit Beginn des Schuljahres an dem Projekt &#8222;LET\u2019S GL\u00c4NZ&#8220;\u00a0des Vereins Tanz ist KLASSE e.V., in Kooperation mit dem Staatsballett Berlin, teil.\u00a0Heute, am 28. Juni um 16 Uhr pr\u00e4sentieren sich mehrere Schulen bei einem \u00f6ffentlichen Auftritt im Mercedes Benz Nutzfahrzeug-Zentrum Berlin Neudecker Weg 6 \/ 12355 Berlin.\u00a0Wir w\u00fcnschen unseren T\u00e4nzerinnern und T\u00e4nzern viel Erfolg&hellip;&nbsp;<a href=\"http:\/\/katharina-heinroth-grundschule.de\/pl\/2015\/06\/28\/28-06-2015-tanz-ist-klasse\/\" rel=\"bookmark\">Dowiedz si\u0119 wi\u0119cej \u00bb<span class=\"screen-reader-text\">Taniec jest \u015bwietny!<\/span><\/a><\/p>","protected":false},"author":3,"featured_media":0,"comment_status":"open","ping_status":"open","sticky":false,"template":"","format":"standard","meta":{"neve_meta_sidebar":"","neve_meta_container":"","neve_meta_enable_content_width":"","neve_meta_content_width":0,"neve_meta_title_alignment":"","neve_meta_author_avatar":"","neve_post_elements_order":"","neve_meta_disable_header":"","neve_meta_disable_footer":"","neve_meta_disable_title":"","footnotes":""},"categories":[1],"tags":[],"class_list":["post-956","post","type-post","status-publish","format-standard","hentry","category-uncategorized"],"jetpack_featured_media_url":"","_links":{"self":[{"href":"http:\/\/katharina-heinroth-grundschule.de\/pl\/wp-json\/wp\/v2\/posts\/956","targetHints":{"allow":["GET"]}}],"collection":[{"href":"http:\/\/katharina-heinroth-grundschule.de\/pl\/wp-json\/wp\/v2\/posts"}],"about":[{"href":"http:\/\/katharina-heinroth-grundschule.de\/pl\/wp-json\/wp\/v2\/types\/post"}],"author":[{"embeddable":true,"href":"http:\/\/katharina-heinroth-grundschule.de\/pl\/wp-json\/wp\/v2\/users\/3"}],"replies":[{"embeddable":true,"href":"http:\/\/katharina-heinroth-grundschule.de\/pl\/wp-json\/wp\/v2\/comments?post=956"}],"version-history":[{"count":0,"href":"http:\/\/katharina-heinroth-grundschule.de\/pl\/wp-json\/wp\/v2\/posts\/956\/revisions"}],"wp:attachment":[{"href":"http:\/\/katharina-heinroth-grundschule.de\/pl\/wp-json\/wp\/v2\/media?parent=956"}],"wp:term":[{"taxonomy":"category","embeddable":true,"href":"http:\/\/katharina-heinroth-grundschule.de\/pl\/wp-json\/wp\/v2\/categories?post=956"},{"taxonomy":"post_tag","embeddable":true,"href":"http:\/\/katharina-heinroth-grundschule.de\/pl\/wp-json\/wp\/v2\/tags?post=956"}],"curies":[{"name":"wp","href":"https:\/\/api.w.org\/{rel}","templated":true}]}}