{"id":959,"date":"2015-07-02T10:19:11","date_gmt":"2015-07-02T08:19:11","guid":{"rendered":"https:\/\/katharina-heinroth-grundschule.de\/?p=959"},"modified":"2021-08-10T16:07:25","modified_gmt":"2021-08-10T14:07:25","slug":"02-07-2015-neu-blog-zum-projekt-tanz-ist-klasse","status":"publish","type":"post","link":"http:\/\/katharina-heinroth-grundschule.de\/pl\/2015\/07\/02\/02-07-2015-neu-blog-zum-projekt-tanz-ist-klasse\/","title":{"rendered":"NOWO\u015a\u0106! Blog na temat projektu \"TANZ IST KLASSE\""},"content":{"rendered":"<p>Projekt taneczny \"Let's GL\u00c4NZ\" organizowany przez stowarzyszenie Tanz ist KLASSE e.V., we wsp\u00f3\u0142pracy z Staatsballett Berlin, okaza\u0142 si\u0119 pe\u0142nym sukcesem, wi\u0119c nasza szko\u0142a b\u0119dzie regularnie bra\u0107 w nim udzia\u0142. Wszystkie informacje s\u0105 ju\u017c dost\u0119pne <a href=\"https:\/\/katharina-heinroth-grundschule.de\/pl\/lets-glaenz\/\">tutaj<\/a>.<\/p>","protected":false},"excerpt":{"rendered":"<p>Das Tanzprojekt &#8222;Let&#8217;s GL\u00c4NZ&#8220; des Vereins Tanz ist KLASSE e.V., in Kooperation mit dem Staatsballett Berlin, war ein voller Erfolg, sodass\u00a0unsere Schule daran regelm\u00e4\u00dfig teilnehmen wird.\u00a0Alle Informationen gibt es ab sofort hier.<\/p>","protected":false},"author":3,"featured_media":0,"comment_status":"open","ping_status":"open","sticky":false,"template":"","format":"standard","meta":{"neve_meta_sidebar":"","neve_meta_container":"","neve_meta_enable_content_width":"","neve_meta_content_width":0,"neve_meta_title_alignment":"","neve_meta_author_avatar":"","neve_post_elements_order":"","neve_meta_disable_header":"","neve_meta_disable_footer":"","neve_meta_disable_title":"","footnotes":""},"categories":[21],"tags":[],"class_list":["post-959","post","type-post","status-publish","format-standard","hentry","category-ankuendigungen"],"jetpack_featured_media_url":"","_links":{"self":[{"href":"http:\/\/katharina-heinroth-grundschule.de\/pl\/wp-json\/wp\/v2\/posts\/959","targetHints":{"allow":["GET"]}}],"collection":[{"href":"http:\/\/katharina-heinroth-grundschule.de\/pl\/wp-json\/wp\/v2\/posts"}],"about":[{"href":"http:\/\/katharina-heinroth-grundschule.de\/pl\/wp-json\/wp\/v2\/types\/post"}],"author":[{"embeddable":true,"href":"http:\/\/katharina-heinroth-grundschule.de\/pl\/wp-json\/wp\/v2\/users\/3"}],"replies":[{"embeddable":true,"href":"http:\/\/katharina-heinroth-grundschule.de\/pl\/wp-json\/wp\/v2\/comments?post=959"}],"version-history":[{"count":0,"href":"http:\/\/katharina-heinroth-grundschule.de\/pl\/wp-json\/wp\/v2\/posts\/959\/revisions"}],"wp:attachment":[{"href":"http:\/\/katharina-heinroth-grundschule.de\/pl\/wp-json\/wp\/v2\/media?parent=959"}],"wp:term":[{"taxonomy":"category","embeddable":true,"href":"http:\/\/katharina-heinroth-grundschule.de\/pl\/wp-json\/wp\/v2\/categories?post=959"},{"taxonomy":"post_tag","embeddable":true,"href":"http:\/\/katharina-heinroth-grundschule.de\/pl\/wp-json\/wp\/v2\/tags?post=959"}],"curies":[{"name":"wp","href":"https:\/\/api.w.org\/{rel}","templated":true}]}}