{"id":1599,"date":"2015-10-16T01:46:46","date_gmt":"2015-10-15T23:46:46","guid":{"rendered":"https:\/\/katharina-heinroth-grundschule.de\/?p=1599"},"modified":"2021-08-10T16:07:11","modified_gmt":"2021-08-10T14:07:11","slug":"elternsprechtag","status":"publish","type":"post","link":"https:\/\/katharina-heinroth-grundschule.de\/pl\/2015\/10\/16\/elternsprechtag\/","title":{"rendered":"Dzie\u0144 konsultacji z rodzicami"},"content":{"rendered":"<p>[vc_row][vc_column][vc_column_text]<\/p>\n<p style=\"text-align: justify;\">Am 16.11.2015 findet unser Elternsprechtag statt. Zwischen 16 bis 19 Uhr stehen Ihnen alle Lehrer gerne f\u00fcr ein Gespr\u00e4ch zur Verf\u00fcgung. Bitte vereinbaren Sie <strong>im voraus<\/strong> einen Termin. Pro Elterngespr\u00e4ch sind maximal 10 Minuten vorgesehen. Sollten Sie den Termin doch nicht wahrnehmen k\u00f6nnen, sagen Sie bitte rechtzeitig ab. Wir freuen uns auf Sie!<\/p>\n<p>[\/vc_column_text][\/vc_column][\/vc_row]<\/p>\n","protected":false},"excerpt":{"rendered":"<p>[vc_row][vc_column][vc_column_text] Am 16.11.2015 findet unser Elternsprechtag statt. Zwischen 16 bis 19 Uhr stehen Ihnen alle Lehrer gerne f\u00fcr ein Gespr\u00e4ch zur Verf\u00fcgung. Bitte vereinbaren Sie im voraus einen Termin. Pro Elterngespr\u00e4ch sind maximal 10 Minuten vorgesehen. Sollten Sie den Termin doch nicht wahrnehmen k\u00f6nnen, sagen Sie bitte rechtzeitig ab. Wir freuen uns auf Sie! [\/vc_column_text][\/vc_column][\/vc_row]<\/p>\n","protected":false},"author":3,"featured_media":0,"comment_status":"open","ping_status":"open","sticky":false,"template":"","format":"standard","meta":{"neve_meta_sidebar":"","neve_meta_container":"","neve_meta_enable_content_width":"","neve_meta_content_width":0,"neve_meta_title_alignment":"","neve_meta_author_avatar":"","neve_post_elements_order":"","neve_meta_disable_header":"","neve_meta_disable_footer":"","neve_meta_disable_title":"","footnotes":""},"categories":[21],"tags":[],"class_list":["post-1599","post","type-post","status-publish","format-standard","hentry","category-ankuendigungen"],"jetpack_featured_media_url":"","_links":{"self":[{"href":"https:\/\/katharina-heinroth-grundschule.de\/pl\/wp-json\/wp\/v2\/posts\/1599","targetHints":{"allow":["GET"]}}],"collection":[{"href":"https:\/\/katharina-heinroth-grundschule.de\/pl\/wp-json\/wp\/v2\/posts"}],"about":[{"href":"https:\/\/katharina-heinroth-grundschule.de\/pl\/wp-json\/wp\/v2\/types\/post"}],"author":[{"embeddable":true,"href":"https:\/\/katharina-heinroth-grundschule.de\/pl\/wp-json\/wp\/v2\/users\/3"}],"replies":[{"embeddable":true,"href":"https:\/\/katharina-heinroth-grundschule.de\/pl\/wp-json\/wp\/v2\/comments?post=1599"}],"version-history":[{"count":0,"href":"https:\/\/katharina-heinroth-grundschule.de\/pl\/wp-json\/wp\/v2\/posts\/1599\/revisions"}],"wp:attachment":[{"href":"https:\/\/katharina-heinroth-grundschule.de\/pl\/wp-json\/wp\/v2\/media?parent=1599"}],"wp:term":[{"taxonomy":"category","embeddable":true,"href":"https:\/\/katharina-heinroth-grundschule.de\/pl\/wp-json\/wp\/v2\/categories?post=1599"},{"taxonomy":"post_tag","embeddable":true,"href":"https:\/\/katharina-heinroth-grundschule.de\/pl\/wp-json\/wp\/v2\/tags?post=1599"}],"curies":[{"name":"wp","href":"https:\/\/api.w.org\/{rel}","templated":true}]}}