{"id":1681,"date":"2015-09-25T21:59:15","date_gmt":"2015-09-25T19:59:15","guid":{"rendered":"https:\/\/katharina-heinroth-grundschule.de\/?p=1681"},"modified":"2021-08-10T16:07:12","modified_gmt":"2021-08-10T14:07:12","slug":"wahlergebnis-kinder-und-jugendparlament","status":"publish","type":"post","link":"https:\/\/katharina-heinroth-grundschule.de\/pl\/2015\/09\/25\/wahlergebnis-kinder-und-jugendparlament\/","title":{"rendered":"Wybory do parlamentu dzieci i m\u0142odzie\u017cy"},"content":{"rendered":"<p>Gratulacje! Domenika (5d), Viviana (6d) i Rajan (6c) to wybrani kandydaci. Wkr\u00f3tce dowiecie si\u0119 wi\u0119cej o naszych zwyci\u0119zcach <a href=\"https:\/\/katharina-heinroth-grundschule.de\/pl\/schueler\/\">tutaj<\/a> po stronie ucznia.<\/p>","protected":false},"excerpt":{"rendered":"<p>Gratulacje! Domenika (5d), Viviana (6d) i Rajan (6c) to wybrani kandydaci. Wkr\u00f3tce dowiesz si\u0119 wi\u0119cej o naszych zwyci\u0119zcach na stronie dla student\u00f3w.<\/p>","protected":false},"author":3,"featured_media":0,"comment_status":"open","ping_status":"open","sticky":false,"template":"","format":"standard","meta":{"neve_meta_sidebar":"","neve_meta_container":"","neve_meta_enable_content_width":"","neve_meta_content_width":0,"neve_meta_title_alignment":"","neve_meta_author_avatar":"","neve_post_elements_order":"","neve_meta_disable_header":"","neve_meta_disable_footer":"","neve_meta_disable_title":"","footnotes":""},"categories":[1],"tags":[],"class_list":["post-1681","post","type-post","status-publish","format-standard","hentry","category-uncategorized"],"jetpack_featured_media_url":"","_links":{"self":[{"href":"https:\/\/katharina-heinroth-grundschule.de\/pl\/wp-json\/wp\/v2\/posts\/1681","targetHints":{"allow":["GET"]}}],"collection":[{"href":"https:\/\/katharina-heinroth-grundschule.de\/pl\/wp-json\/wp\/v2\/posts"}],"about":[{"href":"https:\/\/katharina-heinroth-grundschule.de\/pl\/wp-json\/wp\/v2\/types\/post"}],"author":[{"embeddable":true,"href":"https:\/\/katharina-heinroth-grundschule.de\/pl\/wp-json\/wp\/v2\/users\/3"}],"replies":[{"embeddable":true,"href":"https:\/\/katharina-heinroth-grundschule.de\/pl\/wp-json\/wp\/v2\/comments?post=1681"}],"version-history":[{"count":0,"href":"https:\/\/katharina-heinroth-grundschule.de\/pl\/wp-json\/wp\/v2\/posts\/1681\/revisions"}],"wp:attachment":[{"href":"https:\/\/katharina-heinroth-grundschule.de\/pl\/wp-json\/wp\/v2\/media?parent=1681"}],"wp:term":[{"taxonomy":"category","embeddable":true,"href":"https:\/\/katharina-heinroth-grundschule.de\/pl\/wp-json\/wp\/v2\/categories?post=1681"},{"taxonomy":"post_tag","embeddable":true,"href":"https:\/\/katharina-heinroth-grundschule.de\/pl\/wp-json\/wp\/v2\/tags?post=1681"}],"curies":[{"name":"wp","href":"https:\/\/api.w.org\/{rel}","templated":true}]}}