{"id":1867,"date":"2015-10-11T11:10:25","date_gmt":"2015-10-11T09:10:25","guid":{"rendered":"https:\/\/katharina-heinroth-grundschule.de\/?p=1867"},"modified":"2021-08-10T16:07:11","modified_gmt":"2021-08-10T14:07:11","slug":"12-bundesweite-vorlesetag","status":"publish","type":"post","link":"https:\/\/katharina-heinroth-grundschule.de\/pl\/2015\/10\/11\/12-bundesweite-vorlesetag\/","title":{"rendered":"12. og\u00f3lnopolski dzie\u0144 g\u0142o\u015bnego czytania"},"content":{"rendered":"<p class=\"strong\"><a href=\"http:\/\/www.vorlesetag.de\/\">Og\u00f3lnopolski dzie\u0144 g\u0142o\u015bnego czytania<\/a>\u00a0to wsp\u00f3lna inicjatywa DIE ZEIT, Stiftung Lesen i Deutsche Bahn Stiftung, kt\u00f3ra gromadzi prawie 83 000 czytelnik\u00f3w w trzeci pi\u0105tek listopada.<span class=\"strong\"> i ponad dwa miliony s\u0142uchaczy.<\/span> Celem jest rozbudzenie entuzjazmu do czytania i czytania na g\u0142os oraz umo\u017cliwienie dzieciom kontaktu ze s\u0142owem pisanym i opowiadanym we wczesnym wieku. Koncepcja jest prosta: ka\u017cdy, kto lubi czyta\u0107 na g\u0142os, w tym dniu czyta innym!<\/p>\n<p class=\"strong\"><a href=\"http:\/\/www.vorlesetag.de\/\"><img fetchpriority=\"high\" decoding=\"async\" class=\"size-medium wp-image-1870 aligncenter\" src=\"https:\/\/katharina-heinroth-grundschule.de\/wp-content\/uploads\/vorlesetag_logo_2x-300x218.png\" alt=\"vorlesetag_logo_2x\" width=\"300\" height=\"218\" \/><\/a><\/p>\n<p class=\"strong\">","protected":false},"excerpt":{"rendered":"<p>Der\u00a0Bundesweite Vorlesetag\u00a0ist\u00a0eine gemeinsame Initiative von DIE ZEIT, Stiftung Lesen und Deutsche Bahn Stiftung, die am dritten Freitag im November nahezu 83.000 Vorleserinnen und Vorleser sowie \u00fcber zwei\u00a0Millionen Zuh\u00f6rer begeistert. Ziel ist es, Begeisterung f\u00fcr das Lesen und Vorlesen zu wecken und Kinder bereits fr\u00fch mit dem geschriebenen und erz\u00e4hlten Wort in Kontakt zu bringen. Das&hellip;&nbsp;<a href=\"https:\/\/katharina-heinroth-grundschule.de\/pl\/2015\/10\/11\/12-bundesweite-vorlesetag\/\" rel=\"bookmark\">Dowiedz si\u0119 wi\u0119cej \u00bb<span class=\"screen-reader-text\">12. og\u00f3lnopolski dzie\u0144 g\u0142o\u015bnego czytania<\/span><\/a><\/p>","protected":false},"author":3,"featured_media":0,"comment_status":"open","ping_status":"open","sticky":false,"template":"","format":"standard","meta":{"neve_meta_sidebar":"","neve_meta_container":"","neve_meta_enable_content_width":"","neve_meta_content_width":0,"neve_meta_title_alignment":"","neve_meta_author_avatar":"","neve_post_elements_order":"","neve_meta_disable_header":"","neve_meta_disable_footer":"","neve_meta_disable_title":"","footnotes":""},"categories":[1],"tags":[],"class_list":["post-1867","post","type-post","status-publish","format-standard","hentry","category-uncategorized"],"jetpack_featured_media_url":"","_links":{"self":[{"href":"https:\/\/katharina-heinroth-grundschule.de\/pl\/wp-json\/wp\/v2\/posts\/1867","targetHints":{"allow":["GET"]}}],"collection":[{"href":"https:\/\/katharina-heinroth-grundschule.de\/pl\/wp-json\/wp\/v2\/posts"}],"about":[{"href":"https:\/\/katharina-heinroth-grundschule.de\/pl\/wp-json\/wp\/v2\/types\/post"}],"author":[{"embeddable":true,"href":"https:\/\/katharina-heinroth-grundschule.de\/pl\/wp-json\/wp\/v2\/users\/3"}],"replies":[{"embeddable":true,"href":"https:\/\/katharina-heinroth-grundschule.de\/pl\/wp-json\/wp\/v2\/comments?post=1867"}],"version-history":[{"count":0,"href":"https:\/\/katharina-heinroth-grundschule.de\/pl\/wp-json\/wp\/v2\/posts\/1867\/revisions"}],"wp:attachment":[{"href":"https:\/\/katharina-heinroth-grundschule.de\/pl\/wp-json\/wp\/v2\/media?parent=1867"}],"wp:term":[{"taxonomy":"category","embeddable":true,"href":"https:\/\/katharina-heinroth-grundschule.de\/pl\/wp-json\/wp\/v2\/categories?post=1867"},{"taxonomy":"post_tag","embeddable":true,"href":"https:\/\/katharina-heinroth-grundschule.de\/pl\/wp-json\/wp\/v2\/tags?post=1867"}],"curies":[{"name":"wp","href":"https:\/\/api.w.org\/{rel}","templated":true}]}}