{"id":1994,"date":"2015-10-09T17:57:02","date_gmt":"2015-10-09T15:57:02","guid":{"rendered":"https:\/\/katharina-heinroth-grundschule.de\/?p=1994"},"modified":"2021-08-10T16:07:11","modified_gmt":"2021-08-10T14:07:11","slug":"streitschlichter-an-unserer-schule","status":"publish","type":"post","link":"https:\/\/katharina-heinroth-grundschule.de\/pl\/2015\/10\/09\/streitschlichter-an-unserer-schule\/","title":{"rendered":"Mediatorzy w naszej szkole"},"content":{"rendered":"<p><a href=\"https:\/\/katharina-heinroth-grundschule.de\/wp-content\/uploads\/ThinkstockPhotos-462996373.jpg\"><img decoding=\"async\" class=\"wp-image-1999 alignleft\" src=\"https:\/\/katharina-heinroth-grundschule.de\/wp-content\/uploads\/ThinkstockPhotos-462996373-240x300.jpg\" alt=\"I Say Stop!\" width=\"153\" height=\"191\" \/><\/a><\/p>\n<p>&nbsp;<\/p>\n<p>Mediatorzy zn\u00f3w na s\u0142u\u017cbie! Tuan, Emil i Mustafa z klasy 6a podejmuj\u0105 si\u0119 obecnie tego odpowiedzialnego zadania. Nowi mediatorzy zostan\u0105 przeszkoleni po feriach jesiennych. Je\u015bli jeste\u015b zainteresowany, zapraszamy do kontaktu z naszym <a href=\"https:\/\/katharina-heinroth-grundschule.de\/pl\/sozialarbeit\/\">Szkolni pracownicy socjalni<\/a> raport.<\/p>","protected":false},"excerpt":{"rendered":"<p>&nbsp; Die Streitschlichter sind wieder im Dienst! Momentan \u00fcbernehmen diese verantwortungsvolle Aufgabe Tuan, Emil und Mustafa der Klasse 6a. Nach den Herbstferien werden zus\u00e4tzlich neue Streitschlichter ausgebildet. Wenn du Interesse hast, dann kannst du dich gerne bei unseren Schulsozialarbeitern melden.<\/p>","protected":false},"author":3,"featured_media":0,"comment_status":"closed","ping_status":"open","sticky":false,"template":"","format":"standard","meta":{"neve_meta_sidebar":"","neve_meta_container":"","neve_meta_enable_content_width":"","neve_meta_content_width":0,"neve_meta_title_alignment":"","neve_meta_author_avatar":"","neve_post_elements_order":"","neve_meta_disable_header":"","neve_meta_disable_footer":"","neve_meta_disable_title":"","footnotes":""},"categories":[1],"tags":[],"class_list":["post-1994","post","type-post","status-publish","format-standard","hentry","category-uncategorized"],"jetpack_featured_media_url":"","_links":{"self":[{"href":"https:\/\/katharina-heinroth-grundschule.de\/pl\/wp-json\/wp\/v2\/posts\/1994","targetHints":{"allow":["GET"]}}],"collection":[{"href":"https:\/\/katharina-heinroth-grundschule.de\/pl\/wp-json\/wp\/v2\/posts"}],"about":[{"href":"https:\/\/katharina-heinroth-grundschule.de\/pl\/wp-json\/wp\/v2\/types\/post"}],"author":[{"embeddable":true,"href":"https:\/\/katharina-heinroth-grundschule.de\/pl\/wp-json\/wp\/v2\/users\/3"}],"replies":[{"embeddable":true,"href":"https:\/\/katharina-heinroth-grundschule.de\/pl\/wp-json\/wp\/v2\/comments?post=1994"}],"version-history":[{"count":0,"href":"https:\/\/katharina-heinroth-grundschule.de\/pl\/wp-json\/wp\/v2\/posts\/1994\/revisions"}],"wp:attachment":[{"href":"https:\/\/katharina-heinroth-grundschule.de\/pl\/wp-json\/wp\/v2\/media?parent=1994"}],"wp:term":[{"taxonomy":"category","embeddable":true,"href":"https:\/\/katharina-heinroth-grundschule.de\/pl\/wp-json\/wp\/v2\/categories?post=1994"},{"taxonomy":"post_tag","embeddable":true,"href":"https:\/\/katharina-heinroth-grundschule.de\/pl\/wp-json\/wp\/v2\/tags?post=1994"}],"curies":[{"name":"wp","href":"https:\/\/api.w.org\/{rel}","templated":true}]}}