{"id":2427,"date":"2015-11-12T14:08:12","date_gmt":"2015-11-12T13:08:12","guid":{"rendered":"https:\/\/katharina-heinroth-grundschule.de\/?p=2427"},"modified":"2021-08-10T16:06:56","modified_gmt":"2021-08-10T14:06:56","slug":"vorlesetag-2015","status":"publish","type":"post","link":"https:\/\/katharina-heinroth-grundschule.de\/pl\/2015\/11\/12\/vorlesetag-2015\/","title":{"rendered":"Dzie\u0144 g\u0142o\u015bnego czytania 2015"},"content":{"rendered":"<p>[vc_row][vc_column width=&#8220;1\/1&#8243;][vc_column_text]<\/p>\n<p style=\"text-align: justify;\"><!--&#91;wpfcNOT&#93;-->Wie jedes Jahr veranstalten wir an unserer Schule auch dieses Jahr den Vorlesetag. Morgen, am Freitag, den 13.11.2015, wird er unter dem Motto &#8222;Gro\u00dfe lesen Kleinen vor&#8220; stattfinden. F\u00fcr die Klassen 1-3 gibt es einen Zeitrahmen von 08.00-11.30 Uhr und f\u00fcr die Klassen 4-6 von 08.00-12.00 Uhr. Anschlie\u00dfend k\u00f6nnen die Kinder abgeholt werden bzw. nach Hause gehen. Selbstverst\u00e4ndlich gibt es auch nach dem Projekt eine Betreuung im Rahmen der regul\u00e4ren Unterrichtszeit, der VHG\/ Hortbetreuung oder der SESB.<\/p>\n<p>[\/vc_column_text][\/vc_column][\/vc_row][vc_row][vc_column width=&#8220;1\/1&#8243;][vc_empty_space height=&#8220;32px&#8220;][\/vc_column][\/vc_row][vc_row][vc_column width=&#8220;1\/1&#8243;][vc_single_image image=&#8220;1857&#8243; border_color=&#8220;grey&#8220; img_link_target=&#8220;_self&#8220; style=&#8220;vc_box_rounded&#8220;][\/vc_column][\/vc_row]<\/p>\n","protected":false},"excerpt":{"rendered":"<p>[vc_row][vc_column width=&#8220;1\/1&#8243;][vc_column_text] Wie jedes Jahr veranstalten wir an unserer Schule auch dieses Jahr den Vorlesetag. Morgen, am Freitag, den 13.11.2015, wird er unter dem Motto &#8222;Gro\u00dfe lesen Kleinen vor&#8220; stattfinden. F\u00fcr die Klassen 1-3 gibt es einen Zeitrahmen von 08.00-11.30 Uhr und f\u00fcr die Klassen 4-6 von 08.00-12.00 Uhr. Anschlie\u00dfend k\u00f6nnen die Kinder abgeholt werden&hellip;&nbsp;<a href=\"https:\/\/katharina-heinroth-grundschule.de\/pl\/2015\/11\/12\/vorlesetag-2015\/\" rel=\"bookmark\">Dowiedz si\u0119 wi\u0119cej &raquo;<span class=\"screen-reader-text\">Vorlesetag 2015<\/span><\/a><\/p>\n","protected":false},"author":3,"featured_media":0,"comment_status":"closed","ping_status":"closed","sticky":false,"template":"","format":"standard","meta":{"neve_meta_sidebar":"","neve_meta_container":"","neve_meta_enable_content_width":"","neve_meta_content_width":0,"neve_meta_title_alignment":"","neve_meta_author_avatar":"","neve_post_elements_order":"","neve_meta_disable_header":"","neve_meta_disable_footer":"","neve_meta_disable_title":"","footnotes":""},"categories":[1],"tags":[],"class_list":["post-2427","post","type-post","status-publish","format-standard","hentry","category-uncategorized"],"jetpack_featured_media_url":"","_links":{"self":[{"href":"https:\/\/katharina-heinroth-grundschule.de\/pl\/wp-json\/wp\/v2\/posts\/2427","targetHints":{"allow":["GET"]}}],"collection":[{"href":"https:\/\/katharina-heinroth-grundschule.de\/pl\/wp-json\/wp\/v2\/posts"}],"about":[{"href":"https:\/\/katharina-heinroth-grundschule.de\/pl\/wp-json\/wp\/v2\/types\/post"}],"author":[{"embeddable":true,"href":"https:\/\/katharina-heinroth-grundschule.de\/pl\/wp-json\/wp\/v2\/users\/3"}],"replies":[{"embeddable":true,"href":"https:\/\/katharina-heinroth-grundschule.de\/pl\/wp-json\/wp\/v2\/comments?post=2427"}],"version-history":[{"count":0,"href":"https:\/\/katharina-heinroth-grundschule.de\/pl\/wp-json\/wp\/v2\/posts\/2427\/revisions"}],"wp:attachment":[{"href":"https:\/\/katharina-heinroth-grundschule.de\/pl\/wp-json\/wp\/v2\/media?parent=2427"}],"wp:term":[{"taxonomy":"category","embeddable":true,"href":"https:\/\/katharina-heinroth-grundschule.de\/pl\/wp-json\/wp\/v2\/categories?post=2427"},{"taxonomy":"post_tag","embeddable":true,"href":"https:\/\/katharina-heinroth-grundschule.de\/pl\/wp-json\/wp\/v2\/tags?post=2427"}],"curies":[{"name":"wp","href":"https:\/\/api.w.org\/{rel}","templated":true}]}}