{"id":2495,"date":"2015-12-14T21:31:11","date_gmt":"2015-12-14T20:31:11","guid":{"rendered":"https:\/\/katharina-heinroth-grundschule.de\/?p=2495"},"modified":"2021-08-10T16:06:56","modified_gmt":"2021-08-10T14:06:56","slug":"kartenvorverkauf","status":"publish","type":"post","link":"https:\/\/katharina-heinroth-grundschule.de\/pl\/2015\/12\/14\/kartenvorverkauf\/","title":{"rendered":"Przedsprzeda\u017c bilet\u00f3w"},"content":{"rendered":"<p>[vc_row][vc_column][vc_column_text]<\/p>\n<p style=\"text-align: justify;\">Der Kartenvorverkauf f\u00fcr das Festprogramm zur Weihnachtsfeier findet am Dienstag, den 15.12. und Mittwoch, den 16.12.2015 jeweils in den gro\u00dfen Pausen statt. Dort k\u00f6nnen ebenfalls Bastelcoupons erworben werden. Die Kosten belaufen sich auf je 1\u20ac und kommen unseren Kindern zugute.<\/p>\n<p>[\/vc_column_text][\/vc_column][\/vc_row]<\/p>\n","protected":false},"excerpt":{"rendered":"<p>[vc_row][vc_column][vc_column_text] Der Kartenvorverkauf f\u00fcr das Festprogramm zur Weihnachtsfeier findet am Dienstag, den 15.12. und Mittwoch, den 16.12.2015 jeweils in den gro\u00dfen Pausen statt. Dort k\u00f6nnen ebenfalls Bastelcoupons erworben werden. Die Kosten belaufen sich auf je 1\u20ac und kommen unseren Kindern zugute. [\/vc_column_text][\/vc_column][\/vc_row]<\/p>\n","protected":false},"author":3,"featured_media":0,"comment_status":"closed","ping_status":"open","sticky":false,"template":"","format":"standard","meta":{"neve_meta_sidebar":"","neve_meta_container":"","neve_meta_enable_content_width":"","neve_meta_content_width":0,"neve_meta_title_alignment":"","neve_meta_author_avatar":"","neve_post_elements_order":"","neve_meta_disable_header":"","neve_meta_disable_footer":"","neve_meta_disable_title":"","footnotes":""},"categories":[1],"tags":[],"class_list":["post-2495","post","type-post","status-publish","format-standard","hentry","category-uncategorized"],"jetpack_featured_media_url":"","_links":{"self":[{"href":"https:\/\/katharina-heinroth-grundschule.de\/pl\/wp-json\/wp\/v2\/posts\/2495","targetHints":{"allow":["GET"]}}],"collection":[{"href":"https:\/\/katharina-heinroth-grundschule.de\/pl\/wp-json\/wp\/v2\/posts"}],"about":[{"href":"https:\/\/katharina-heinroth-grundschule.de\/pl\/wp-json\/wp\/v2\/types\/post"}],"author":[{"embeddable":true,"href":"https:\/\/katharina-heinroth-grundschule.de\/pl\/wp-json\/wp\/v2\/users\/3"}],"replies":[{"embeddable":true,"href":"https:\/\/katharina-heinroth-grundschule.de\/pl\/wp-json\/wp\/v2\/comments?post=2495"}],"version-history":[{"count":0,"href":"https:\/\/katharina-heinroth-grundschule.de\/pl\/wp-json\/wp\/v2\/posts\/2495\/revisions"}],"wp:attachment":[{"href":"https:\/\/katharina-heinroth-grundschule.de\/pl\/wp-json\/wp\/v2\/media?parent=2495"}],"wp:term":[{"taxonomy":"category","embeddable":true,"href":"https:\/\/katharina-heinroth-grundschule.de\/pl\/wp-json\/wp\/v2\/categories?post=2495"},{"taxonomy":"post_tag","embeddable":true,"href":"https:\/\/katharina-heinroth-grundschule.de\/pl\/wp-json\/wp\/v2\/tags?post=2495"}],"curies":[{"name":"wp","href":"https:\/\/api.w.org\/{rel}","templated":true}]}}