{"id":2768,"date":"2016-02-09T12:25:03","date_gmt":"2016-02-09T11:25:03","guid":{"rendered":"https:\/\/katharina-heinroth-grundschule.de\/?p=2768"},"modified":"2021-08-10T16:06:55","modified_gmt":"2021-08-10T14:06:55","slug":"fasching-an-unserer-schule","status":"publish","type":"post","link":"https:\/\/katharina-heinroth-grundschule.de\/pl\/2016\/02\/09\/fasching-an-unserer-schule\/","title":{"rendered":"Karnawa\u0142 w naszej szkole"},"content":{"rendered":"<p>[vc_row][vc_column][vc_column_text]<\/p>\n<p style=\"text-align: justify;\">Auch dieses Jahr feierten unsere Sch\u00fclerinnen und Sch\u00fcler wieder Fasching! Erst sammelten sich die Kinder in ihren Klassen und zeigten dort den Mitsch\u00fclern und Lehrern ihre Verkleidungen. Es wurde gespielt und gegessen, gelacht und gefeiert. Sp\u00e4ter tanzten die Kinder mit Verkleideten aus anderen Klassen in der gro\u00dfen Aula. Bei lauten Karnevalskl\u00e4ngen durften die Kinder ihre Kost\u00fcme den Sch\u00fclerinnen und Sch\u00fclern auf einem Runway pr\u00e4sentieren. Auch eine Polonaise durfte nicht fehlen\u2026<\/p>\n<p>[\/vc_column_text][\/vc_column][\/vc_row][vc_row][vc_column width=&#8220;1\/1&#8243;][vc_gallery type=&#8220;image_grid&#8220; interval=&#8220;3&#8243; images=&#8220;2771,2772,2773,2774,2775,2776,2777,2778&#8243; onclick=&#8220;link_image&#8220; custom_links_target=&#8220;_self&#8220;][\/vc_column][\/vc_row]<\/p>\n","protected":false},"excerpt":{"rendered":"<p>[vc_row][vc_column][vc_column_text] Auch dieses Jahr feierten unsere Sch\u00fclerinnen und Sch\u00fcler wieder Fasching! Erst sammelten sich die Kinder in ihren Klassen und zeigten dort den Mitsch\u00fclern und Lehrern ihre Verkleidungen. Es wurde gespielt und gegessen, gelacht und gefeiert. Sp\u00e4ter tanzten die Kinder mit Verkleideten aus anderen Klassen in der gro\u00dfen Aula. Bei lauten Karnevalskl\u00e4ngen durften die Kinder&hellip;&nbsp;<a href=\"https:\/\/katharina-heinroth-grundschule.de\/pl\/2016\/02\/09\/fasching-an-unserer-schule\/\" rel=\"bookmark\">Dowiedz si\u0119 wi\u0119cej &raquo;<span class=\"screen-reader-text\">Fasching an unserer Schule<\/span><\/a><\/p>\n","protected":false},"author":3,"featured_media":0,"comment_status":"closed","ping_status":"open","sticky":false,"template":"","format":"standard","meta":{"neve_meta_sidebar":"","neve_meta_container":"","neve_meta_enable_content_width":"","neve_meta_content_width":0,"neve_meta_title_alignment":"","neve_meta_author_avatar":"","neve_post_elements_order":"","neve_meta_disable_header":"","neve_meta_disable_footer":"","neve_meta_disable_title":"","footnotes":""},"categories":[1],"tags":[],"class_list":["post-2768","post","type-post","status-publish","format-standard","hentry","category-uncategorized"],"jetpack_featured_media_url":"","_links":{"self":[{"href":"https:\/\/katharina-heinroth-grundschule.de\/pl\/wp-json\/wp\/v2\/posts\/2768","targetHints":{"allow":["GET"]}}],"collection":[{"href":"https:\/\/katharina-heinroth-grundschule.de\/pl\/wp-json\/wp\/v2\/posts"}],"about":[{"href":"https:\/\/katharina-heinroth-grundschule.de\/pl\/wp-json\/wp\/v2\/types\/post"}],"author":[{"embeddable":true,"href":"https:\/\/katharina-heinroth-grundschule.de\/pl\/wp-json\/wp\/v2\/users\/3"}],"replies":[{"embeddable":true,"href":"https:\/\/katharina-heinroth-grundschule.de\/pl\/wp-json\/wp\/v2\/comments?post=2768"}],"version-history":[{"count":0,"href":"https:\/\/katharina-heinroth-grundschule.de\/pl\/wp-json\/wp\/v2\/posts\/2768\/revisions"}],"wp:attachment":[{"href":"https:\/\/katharina-heinroth-grundschule.de\/pl\/wp-json\/wp\/v2\/media?parent=2768"}],"wp:term":[{"taxonomy":"category","embeddable":true,"href":"https:\/\/katharina-heinroth-grundschule.de\/pl\/wp-json\/wp\/v2\/categories?post=2768"},{"taxonomy":"post_tag","embeddable":true,"href":"https:\/\/katharina-heinroth-grundschule.de\/pl\/wp-json\/wp\/v2\/tags?post=2768"}],"curies":[{"name":"wp","href":"https:\/\/api.w.org\/{rel}","templated":true}]}}