{"id":2823,"date":"2016-02-29T11:32:01","date_gmt":"2016-02-29T10:32:01","guid":{"rendered":"https:\/\/katharina-heinroth-grundschule.de\/?p=2823"},"modified":"2021-08-10T16:06:55","modified_gmt":"2021-08-10T14:06:55","slug":"schriftstellerin-b-kosmowska-kommt-zu-uns","status":"publish","type":"post","link":"https:\/\/katharina-heinroth-grundschule.de\/pl\/2016\/02\/29\/schriftstellerin-b-kosmowska-kommt-zu-uns\/","title":{"rendered":"Autorka B. Kosmowska by\u0142a z nami!"},"content":{"rendered":"<p>[vc_row][vc_column][vc_column_text]<\/p>\n<p style=\"text-align: justify;\">Die ber\u00fchmte polnische Schriftstellerin Barbara Kosmowska ist zu Besuch bei uns an der Schule! Mit den h\u00f6heren Klassen schreibt sie Kurzgeschichten und Zeitungen. Beispielsweise wurde mit der Klasse 5d die Kurzgeschichte &#8222;Pszczo\u0142a zmienia wszystko\u201d (\u201eDie Biene \u00e4ndert alles\u201c) erstellt. Schon im Vorfeld konnten die Sch\u00fclerinnen und Sch\u00fcler die B\u00fccher von Frau Kosmowska bestellen. Bei uns signierte sie nun gerne ihre Werke. Allen am Projekt beteiligten Kindern machte die kreative Arbeit gro\u00dfen Spa\u00df und man lernte sogar noch etwas dabei \ud83d\ude42<\/p>\n<p style=\"text-align: justify;\">&#8230;schon jetzt freuen wir uns bereits auf das Wiedersehen. Do zobaczenia!<\/p>\n<p>[\/vc_column_text][vc_empty_space][\/vc_column][\/vc_row][vc_row][vc_column width=&#8220;1\/1&#8243;][vc_gallery type=&#8220;image_grid&#8220; interval=&#8220;3&#8243; images=&#8220;2824,2828,2826,2825&#8243; onclick=&#8220;link_image&#8220; custom_links_target=&#8220;_self&#8220;][\/vc_column][\/vc_row][vc_row][vc_column width=&#8220;1\/1&#8243;][vc_empty_space height=&#8220;32px&#8220;][\/vc_column][\/vc_row][vc_row][vc_column width=&#8220;1\/1&#8243;][\/vc_column][\/vc_row]<\/p>\n","protected":false},"excerpt":{"rendered":"<p>[vc_row][vc_column][vc_column_text] Die ber\u00fchmte polnische Schriftstellerin Barbara Kosmowska ist zu Besuch bei uns an der Schule! Mit den h\u00f6heren Klassen schreibt sie Kurzgeschichten und Zeitungen. Beispielsweise wurde mit der Klasse 5d die Kurzgeschichte &#8222;Pszczo\u0142a zmienia wszystko\u201d (\u201eDie Biene \u00e4ndert alles\u201c) erstellt. Schon im Vorfeld konnten die Sch\u00fclerinnen und Sch\u00fcler die B\u00fccher von Frau Kosmowska bestellen. Bei&hellip;&nbsp;<a href=\"https:\/\/katharina-heinroth-grundschule.de\/pl\/2016\/02\/29\/schriftstellerin-b-kosmowska-kommt-zu-uns\/\" rel=\"bookmark\">Dowiedz si\u0119 wi\u0119cej &raquo;<span class=\"screen-reader-text\">Schriftstellerin B. Kosmowska war bei uns!<\/span><\/a><\/p>\n","protected":false},"author":3,"featured_media":0,"comment_status":"closed","ping_status":"open","sticky":false,"template":"","format":"standard","meta":{"neve_meta_sidebar":"","neve_meta_container":"","neve_meta_enable_content_width":"","neve_meta_content_width":0,"neve_meta_title_alignment":"","neve_meta_author_avatar":"","neve_post_elements_order":"","neve_meta_disable_header":"","neve_meta_disable_footer":"","neve_meta_disable_title":"","footnotes":""},"categories":[50],"tags":[],"class_list":["post-2823","post","type-post","status-publish","format-standard","hentry","category-ag-mediengestaltung"],"jetpack_featured_media_url":"","_links":{"self":[{"href":"https:\/\/katharina-heinroth-grundschule.de\/pl\/wp-json\/wp\/v2\/posts\/2823","targetHints":{"allow":["GET"]}}],"collection":[{"href":"https:\/\/katharina-heinroth-grundschule.de\/pl\/wp-json\/wp\/v2\/posts"}],"about":[{"href":"https:\/\/katharina-heinroth-grundschule.de\/pl\/wp-json\/wp\/v2\/types\/post"}],"author":[{"embeddable":true,"href":"https:\/\/katharina-heinroth-grundschule.de\/pl\/wp-json\/wp\/v2\/users\/3"}],"replies":[{"embeddable":true,"href":"https:\/\/katharina-heinroth-grundschule.de\/pl\/wp-json\/wp\/v2\/comments?post=2823"}],"version-history":[{"count":0,"href":"https:\/\/katharina-heinroth-grundschule.de\/pl\/wp-json\/wp\/v2\/posts\/2823\/revisions"}],"wp:attachment":[{"href":"https:\/\/katharina-heinroth-grundschule.de\/pl\/wp-json\/wp\/v2\/media?parent=2823"}],"wp:term":[{"taxonomy":"category","embeddable":true,"href":"https:\/\/katharina-heinroth-grundschule.de\/pl\/wp-json\/wp\/v2\/categories?post=2823"},{"taxonomy":"post_tag","embeddable":true,"href":"https:\/\/katharina-heinroth-grundschule.de\/pl\/wp-json\/wp\/v2\/tags?post=2823"}],"curies":[{"name":"wp","href":"https:\/\/api.w.org\/{rel}","templated":true}]}}