{"id":3313,"date":"2016-07-10T20:28:17","date_gmt":"2016-07-10T18:28:17","guid":{"rendered":"https:\/\/katharina-heinroth-grundschule.de\/?p=3313"},"modified":"2021-08-10T16:06:41","modified_gmt":"2021-08-10T14:06:41","slug":"unsere-vertretung-im-kinder-und-jugendparlament","status":"publish","type":"post","link":"https:\/\/katharina-heinroth-grundschule.de\/pl\/2016\/07\/10\/unsere-vertretung-im-kinder-und-jugendparlament\/","title":{"rendered":"Nasza reprezentacja w parlamencie dzieci i m\u0142odzie\u017cy"},"content":{"rendered":"<p>[vc_row][vc_column][vc_column_text]<\/p>\n<p style=\"text-align: justify;\">Auch dieses Jahr beteiligten sich erneut Vertreter der Katharina-Heinroth-Grundschule am Kinder- und Jugendparlament. Seit 2003 vertritt das Kinder- und Jugendparlament Charlottenburg-Wilmersdorf die Interessen der Kinder- und Jugendlichen im Bezirk. Zu den Erfolgen ihres Einsatzes z\u00e4hlen unter anderen die Einrichtung von 30er-Verkehrszonen oder die Erweiterung von Schaltl\u00e4ngen an Ampeln. Dadurch erh\u00f6ht sich die Verkehrssicherheit im Schulumfeld deutlich. Ebenso wirken unsere Vertreter an Courage-Treffen (&#8222;Schule ohne Rassismus&#8220;) mit oder helfen bei Projekten zur Erneuerung von Parks und Spielpl\u00e4tzen. Neben diesen Akvitit\u00e4ten ist es vordergr\u00fcndig das Erlernen demokratischer Abl\u00e4ufe und Entscheidungsprozesse, die ein Demokratie-Lernen erm\u00f6glichen sollen.<\/p>\n<p style=\"text-align: justify;\">Gro\u00dfen Dank an die Medien AG f\u00fcr die kreative Bearbeitung der Bilder.<\/p>\n<p>[\/vc_column_text][vc_empty_space height=&#8220;32px&#8220;][\/vc_column][\/vc_row][vc_row][vc_column width=&#8220;1\/1&#8243;][vc_gallery type=&#8220;image_grid&#8220; interval=&#8220;3&#8243; images=&#8220;3314,3315,3337&#8243; onclick=&#8220;link_image&#8220; custom_links_target=&#8220;_self&#8220;][\/vc_column][\/vc_row]<\/p>\n","protected":false},"excerpt":{"rendered":"<p>[vc_row][vc_column][vc_column_text] Auch dieses Jahr beteiligten sich erneut Vertreter der Katharina-Heinroth-Grundschule am Kinder- und Jugendparlament. Seit 2003 vertritt das Kinder- und Jugendparlament Charlottenburg-Wilmersdorf die Interessen der Kinder- und Jugendlichen im Bezirk. Zu den Erfolgen ihres Einsatzes z\u00e4hlen unter anderen die Einrichtung von 30er-Verkehrszonen oder die Erweiterung von Schaltl\u00e4ngen an Ampeln. Dadurch erh\u00f6ht sich die Verkehrssicherheit im&hellip;&nbsp;<a href=\"https:\/\/katharina-heinroth-grundschule.de\/pl\/2016\/07\/10\/unsere-vertretung-im-kinder-und-jugendparlament\/\" rel=\"bookmark\">Dowiedz si\u0119 wi\u0119cej &raquo;<span class=\"screen-reader-text\">Unsere Vertretung im Kinder- und Jugendparlament<\/span><\/a><\/p>\n","protected":false},"author":3,"featured_media":0,"comment_status":"closed","ping_status":"closed","sticky":false,"template":"","format":"standard","meta":{"neve_meta_sidebar":"","neve_meta_container":"","neve_meta_enable_content_width":"","neve_meta_content_width":0,"neve_meta_title_alignment":"","neve_meta_author_avatar":"","neve_post_elements_order":"","neve_meta_disable_header":"","neve_meta_disable_footer":"","neve_meta_disable_title":"","footnotes":""},"categories":[1],"tags":[],"class_list":["post-3313","post","type-post","status-publish","format-standard","hentry","category-uncategorized"],"jetpack_featured_media_url":"","_links":{"self":[{"href":"https:\/\/katharina-heinroth-grundschule.de\/pl\/wp-json\/wp\/v2\/posts\/3313","targetHints":{"allow":["GET"]}}],"collection":[{"href":"https:\/\/katharina-heinroth-grundschule.de\/pl\/wp-json\/wp\/v2\/posts"}],"about":[{"href":"https:\/\/katharina-heinroth-grundschule.de\/pl\/wp-json\/wp\/v2\/types\/post"}],"author":[{"embeddable":true,"href":"https:\/\/katharina-heinroth-grundschule.de\/pl\/wp-json\/wp\/v2\/users\/3"}],"replies":[{"embeddable":true,"href":"https:\/\/katharina-heinroth-grundschule.de\/pl\/wp-json\/wp\/v2\/comments?post=3313"}],"version-history":[{"count":0,"href":"https:\/\/katharina-heinroth-grundschule.de\/pl\/wp-json\/wp\/v2\/posts\/3313\/revisions"}],"wp:attachment":[{"href":"https:\/\/katharina-heinroth-grundschule.de\/pl\/wp-json\/wp\/v2\/media?parent=3313"}],"wp:term":[{"taxonomy":"category","embeddable":true,"href":"https:\/\/katharina-heinroth-grundschule.de\/pl\/wp-json\/wp\/v2\/categories?post=3313"},{"taxonomy":"post_tag","embeddable":true,"href":"https:\/\/katharina-heinroth-grundschule.de\/pl\/wp-json\/wp\/v2\/tags?post=3313"}],"curies":[{"name":"wp","href":"https:\/\/api.w.org\/{rel}","templated":true}]}}