{"id":3333,"date":"2016-07-10T20:09:05","date_gmt":"2016-07-10T18:09:05","guid":{"rendered":"https:\/\/katharina-heinroth-grundschule.de\/?p=3333"},"modified":"2021-08-10T16:06:41","modified_gmt":"2021-08-10T14:06:41","slug":"xii-olympiade-der-polnischen-sprache-in-deutschland","status":"publish","type":"post","link":"https:\/\/katharina-heinroth-grundschule.de\/pl\/2016\/07\/10\/xii-olympiade-der-polnischen-sprache-in-deutschland\/","title":{"rendered":"XII Olimpiada J\u0119zyka Polskiego w Niemczech"},"content":{"rendered":"<p>[vc_row][vc_column][vc_column_text]<\/p>\n<p style=\"text-align: justify;\">Bereits im M\u00e4rz fand der 2. Abschnitt der \u201eXII Olympiade der polnischen Sprache in Deutschland\u201c statt. Aus unserer Schule haben daran 14 Sch\u00fclerinnen und Sch\u00fcler aus den 5. und 6. Klassen teilgenommen. Die Aufgabe bestand darin, einen Aufsatz zu einem von f\u00fcnf vorgegebenen Themen zu schreiben. Die ersten drei Pl\u00e4tze an unserer Schule wurden von folgenden Sch\u00fclerinnen und Sch\u00fcler erreicht:<br \/>\n1. Katharina (6d)<br \/>\n2. Rajan (6c)<br \/>\n3. Gabriela (6c)<\/p>\n<p>[\/vc_column_text][\/vc_column][\/vc_row][vc_row][vc_column width=&#8220;1\/1&#8243;][vc_gallery type=&#8220;image_grid&#8220; interval=&#8220;3&#8243; images=&#8220;3318&#8243; onclick=&#8220;link_image&#8220; custom_links_target=&#8220;_self&#8220;][\/vc_column][\/vc_row]<\/p>\n","protected":false},"excerpt":{"rendered":"<p>[vc_row][vc_column][vc_column_text] Bereits im M\u00e4rz fand der 2. Abschnitt der \u201eXII Olympiade der polnischen Sprache in Deutschland\u201c statt. Aus unserer Schule haben daran 14 Sch\u00fclerinnen und Sch\u00fcler aus den 5. und 6. Klassen teilgenommen. Die Aufgabe bestand darin, einen Aufsatz zu einem von f\u00fcnf vorgegebenen Themen zu schreiben. Die ersten drei Pl\u00e4tze an unserer Schule wurden&hellip;&nbsp;<a href=\"https:\/\/katharina-heinroth-grundschule.de\/pl\/2016\/07\/10\/xii-olympiade-der-polnischen-sprache-in-deutschland\/\" rel=\"bookmark\">Dowiedz si\u0119 wi\u0119cej &raquo;<span class=\"screen-reader-text\">XII Olympiade der polnischen Sprache in Deutschland<\/span><\/a><\/p>\n","protected":false},"author":3,"featured_media":0,"comment_status":"closed","ping_status":"open","sticky":false,"template":"","format":"standard","meta":{"neve_meta_sidebar":"","neve_meta_container":"","neve_meta_enable_content_width":"","neve_meta_content_width":0,"neve_meta_title_alignment":"","neve_meta_author_avatar":"","neve_post_elements_order":"","neve_meta_disable_header":"","neve_meta_disable_footer":"","neve_meta_disable_title":"","footnotes":""},"categories":[1],"tags":[],"class_list":["post-3333","post","type-post","status-publish","format-standard","hentry","category-uncategorized"],"jetpack_featured_media_url":"","_links":{"self":[{"href":"https:\/\/katharina-heinroth-grundschule.de\/pl\/wp-json\/wp\/v2\/posts\/3333","targetHints":{"allow":["GET"]}}],"collection":[{"href":"https:\/\/katharina-heinroth-grundschule.de\/pl\/wp-json\/wp\/v2\/posts"}],"about":[{"href":"https:\/\/katharina-heinroth-grundschule.de\/pl\/wp-json\/wp\/v2\/types\/post"}],"author":[{"embeddable":true,"href":"https:\/\/katharina-heinroth-grundschule.de\/pl\/wp-json\/wp\/v2\/users\/3"}],"replies":[{"embeddable":true,"href":"https:\/\/katharina-heinroth-grundschule.de\/pl\/wp-json\/wp\/v2\/comments?post=3333"}],"version-history":[{"count":0,"href":"https:\/\/katharina-heinroth-grundschule.de\/pl\/wp-json\/wp\/v2\/posts\/3333\/revisions"}],"wp:attachment":[{"href":"https:\/\/katharina-heinroth-grundschule.de\/pl\/wp-json\/wp\/v2\/media?parent=3333"}],"wp:term":[{"taxonomy":"category","embeddable":true,"href":"https:\/\/katharina-heinroth-grundschule.de\/pl\/wp-json\/wp\/v2\/categories?post=3333"},{"taxonomy":"post_tag","embeddable":true,"href":"https:\/\/katharina-heinroth-grundschule.de\/pl\/wp-json\/wp\/v2\/tags?post=3333"}],"curies":[{"name":"wp","href":"https:\/\/api.w.org\/{rel}","templated":true}]}}