{"id":3574,"date":"2016-08-01T14:23:57","date_gmt":"2016-08-01T12:23:57","guid":{"rendered":"https:\/\/katharina-heinroth-grundschule.de\/?p=3574"},"modified":"2021-08-10T16:06:41","modified_gmt":"2021-08-10T14:06:41","slug":"sommerfest2016","status":"publish","type":"post","link":"https:\/\/katharina-heinroth-grundschule.de\/pl\/2016\/08\/01\/sommerfest2016\/","title":{"rendered":"Nasza letnia impreza"},"content":{"rendered":"<p>[vc_row][vc_column width=&#8220;1\/1&#8243;][vc_column_text]<\/p>\n<p style=\"text-align: justify;\">Auch dieses Jahr fand erneut unser Sommerfest statt. Dazu waren Aktions- und Spielstationen aufgebaut. Die Kinder und Erwachsenen konnten Dosen werfen, auf Schatzsuche gehen oder auch einen Bumerang basteln. Es gab lecker Zuckerwatte, Kuchen und W\u00fcrstchen. Als kultureller H\u00f6hepunkt dienten die Auftritte nicht nur unserer Krakowiacy sondern auch unserer polnischen G\u00e4ste. Ebenso war der symbolische Spatenanstich f\u00fcr unseren neuen Schulhof eine aufregende Sache. Bereits jetzt laden wir erneut alle Mitglieder der Schulfamilie f\u00fcr das Sommerfest 2017 ein!<\/p>\n<p>[\/vc_column_text][vc_empty_space height=&#8220;32px&#8220;][\/vc_column][\/vc_row][vc_row][vc_column width=&#8220;1\/1&#8243;][vc_gallery type=&#8220;image_grid&#8220; onclick=&#8220;link_image&#8220; custom_links_target=&#8220;_self&#8220; interval=&#8220;3&#8243; images=&#8220;3577,3576,3591,3580,3589,3588,3587,3586,3584,3583,3582,3581,3579,3578,3590,3595,3585,3593,3594,3596&#8243;][\/vc_column][vc_column][\/vc_column][\/vc_row]<\/p>\n","protected":false},"excerpt":{"rendered":"<p>[vc_row][vc_column width=&#8220;1\/1&#8243;][vc_column_text] Auch dieses Jahr fand erneut unser Sommerfest statt. Dazu waren Aktions- und Spielstationen aufgebaut. Die Kinder und Erwachsenen konnten Dosen werfen, auf Schatzsuche gehen oder auch einen Bumerang basteln. Es gab lecker Zuckerwatte, Kuchen und W\u00fcrstchen. Als kultureller H\u00f6hepunkt dienten die Auftritte nicht nur unserer Krakowiacy sondern auch unserer polnischen G\u00e4ste. Ebenso war&hellip;&nbsp;<a href=\"https:\/\/katharina-heinroth-grundschule.de\/pl\/2016\/08\/01\/sommerfest2016\/\" rel=\"bookmark\">Dowiedz si\u0119 wi\u0119cej &raquo;<span class=\"screen-reader-text\">Unser Sommerfest<\/span><\/a><\/p>\n","protected":false},"author":3,"featured_media":0,"comment_status":"closed","ping_status":"open","sticky":false,"template":"","format":"standard","meta":{"neve_meta_sidebar":"","neve_meta_container":"","neve_meta_enable_content_width":"","neve_meta_content_width":0,"neve_meta_title_alignment":"","neve_meta_author_avatar":"","neve_post_elements_order":"","neve_meta_disable_header":"","neve_meta_disable_footer":"","neve_meta_disable_title":"","footnotes":""},"categories":[1],"tags":[],"class_list":["post-3574","post","type-post","status-publish","format-standard","hentry","category-uncategorized"],"jetpack_featured_media_url":"","_links":{"self":[{"href":"https:\/\/katharina-heinroth-grundschule.de\/pl\/wp-json\/wp\/v2\/posts\/3574","targetHints":{"allow":["GET"]}}],"collection":[{"href":"https:\/\/katharina-heinroth-grundschule.de\/pl\/wp-json\/wp\/v2\/posts"}],"about":[{"href":"https:\/\/katharina-heinroth-grundschule.de\/pl\/wp-json\/wp\/v2\/types\/post"}],"author":[{"embeddable":true,"href":"https:\/\/katharina-heinroth-grundschule.de\/pl\/wp-json\/wp\/v2\/users\/3"}],"replies":[{"embeddable":true,"href":"https:\/\/katharina-heinroth-grundschule.de\/pl\/wp-json\/wp\/v2\/comments?post=3574"}],"version-history":[{"count":0,"href":"https:\/\/katharina-heinroth-grundschule.de\/pl\/wp-json\/wp\/v2\/posts\/3574\/revisions"}],"wp:attachment":[{"href":"https:\/\/katharina-heinroth-grundschule.de\/pl\/wp-json\/wp\/v2\/media?parent=3574"}],"wp:term":[{"taxonomy":"category","embeddable":true,"href":"https:\/\/katharina-heinroth-grundschule.de\/pl\/wp-json\/wp\/v2\/categories?post=3574"},{"taxonomy":"post_tag","embeddable":true,"href":"https:\/\/katharina-heinroth-grundschule.de\/pl\/wp-json\/wp\/v2\/tags?post=3574"}],"curies":[{"name":"wp","href":"https:\/\/api.w.org\/{rel}","templated":true}]}}