{"id":3600,"date":"2016-09-14T09:53:46","date_gmt":"2016-09-14T07:53:46","guid":{"rendered":"https:\/\/katharina-heinroth-grundschule.de\/?p=3600"},"modified":"2021-08-10T16:06:41","modified_gmt":"2021-08-10T14:06:41","slug":"verabschiedung-der-6-klassen","status":"publish","type":"post","link":"https:\/\/katharina-heinroth-grundschule.de\/pl\/2016\/09\/14\/verabschiedung-der-6-klassen\/","title":{"rendered":"Po\u017cegnanie sz\u00f3stej klasy"},"content":{"rendered":"<p>[vc_row][vc_column width=&#8220;1\/1&#8243;][vc_column_text]Die sechsten Klassen wurden am Dienstag auf einer eigenen Feier verabschiedet. Nach er\u00f6ffnenden Worten von Frau Kampes und der Verabschiedung der Konrektorin Frau Holz waren es die Klassen selbst, die f\u00fcr ein w\u00fcrdiges Veranstaltungsprogramm gesorgt haben. Mit Tanz, Gesang und Sketchen gelang den Sch\u00fclerinnen und Sch\u00fclern ein toller Rahmen. Zum Schluss wurden einige Abg\u00e4nger f\u00fcr ihre Verdienste und Leistungen im letzten Jahr geehrt. Herauszuheben sind zwei Sch\u00fclerinnen, die im Englisch-Wettbewerb \u201eBig Challenge\u201c herausragende Ergebnisse (&#8222;First Class Honour&#8220;) erzielten. Da f\u00e4llt der Abschied doppelt schwer! Wir w\u00fcnschen allen Sch\u00fclerinnen und Sch\u00fclern alles, alles Gute f\u00fcr ihrem k\u00fcnftigen Weg!<\/p>\n<p>[\/vc_column_text][\/vc_column][\/vc_row][vc_row][vc_column width=&#8220;1\/1&#8243;][vc_gallery type=&#8220;image_grid&#8220; interval=&#8220;3&#8243; images=&#8220;3607,3608,3601,3602,3603,3709,3710,3605,3606&#8243; onclick=&#8220;link_image&#8220; custom_links_target=&#8220;_self&#8220;][\/vc_column][\/vc_row]<\/p>\n","protected":false},"excerpt":{"rendered":"<p>[vc_row][vc_column width=&#8220;1\/1&#8243;][vc_column_text]Die sechsten Klassen wurden am Dienstag auf einer eigenen Feier verabschiedet. Nach er\u00f6ffnenden Worten von Frau Kampes und der Verabschiedung der Konrektorin Frau Holz waren es die Klassen selbst, die f\u00fcr ein w\u00fcrdiges Veranstaltungsprogramm gesorgt haben. Mit Tanz, Gesang und Sketchen gelang den Sch\u00fclerinnen und Sch\u00fclern ein toller Rahmen. Zum Schluss wurden einige Abg\u00e4nger&hellip;&nbsp;<a href=\"https:\/\/katharina-heinroth-grundschule.de\/pl\/2016\/09\/14\/verabschiedung-der-6-klassen\/\" rel=\"bookmark\">Dowiedz si\u0119 wi\u0119cej &raquo;<span class=\"screen-reader-text\">Verabschiedung der 6. Klassen<\/span><\/a><\/p>\n","protected":false},"author":3,"featured_media":0,"comment_status":"closed","ping_status":"open","sticky":false,"template":"","format":"standard","meta":{"neve_meta_sidebar":"","neve_meta_container":"","neve_meta_enable_content_width":"","neve_meta_content_width":0,"neve_meta_title_alignment":"","neve_meta_author_avatar":"","neve_post_elements_order":"","neve_meta_disable_header":"","neve_meta_disable_footer":"","neve_meta_disable_title":"","footnotes":""},"categories":[1],"tags":[],"class_list":["post-3600","post","type-post","status-publish","format-standard","hentry","category-uncategorized"],"jetpack_featured_media_url":"","_links":{"self":[{"href":"https:\/\/katharina-heinroth-grundschule.de\/pl\/wp-json\/wp\/v2\/posts\/3600","targetHints":{"allow":["GET"]}}],"collection":[{"href":"https:\/\/katharina-heinroth-grundschule.de\/pl\/wp-json\/wp\/v2\/posts"}],"about":[{"href":"https:\/\/katharina-heinroth-grundschule.de\/pl\/wp-json\/wp\/v2\/types\/post"}],"author":[{"embeddable":true,"href":"https:\/\/katharina-heinroth-grundschule.de\/pl\/wp-json\/wp\/v2\/users\/3"}],"replies":[{"embeddable":true,"href":"https:\/\/katharina-heinroth-grundschule.de\/pl\/wp-json\/wp\/v2\/comments?post=3600"}],"version-history":[{"count":0,"href":"https:\/\/katharina-heinroth-grundschule.de\/pl\/wp-json\/wp\/v2\/posts\/3600\/revisions"}],"wp:attachment":[{"href":"https:\/\/katharina-heinroth-grundschule.de\/pl\/wp-json\/wp\/v2\/media?parent=3600"}],"wp:term":[{"taxonomy":"category","embeddable":true,"href":"https:\/\/katharina-heinroth-grundschule.de\/pl\/wp-json\/wp\/v2\/categories?post=3600"},{"taxonomy":"post_tag","embeddable":true,"href":"https:\/\/katharina-heinroth-grundschule.de\/pl\/wp-json\/wp\/v2\/tags?post=3600"}],"curies":[{"name":"wp","href":"https:\/\/api.w.org\/{rel}","templated":true}]}}