{"id":3694,"date":"2016-09-14T09:56:42","date_gmt":"2016-09-14T07:56:42","guid":{"rendered":"https:\/\/katharina-heinroth-grundschule.de\/?p=3694"},"modified":"2021-08-10T16:06:41","modified_gmt":"2021-08-10T14:06:41","slug":"unsere-einschulungsfeier","status":"publish","type":"post","link":"https:\/\/katharina-heinroth-grundschule.de\/pl\/2016\/09\/14\/unsere-einschulungsfeier\/","title":{"rendered":"Ceremonia zapis\u00f3w do naszej szko\u0142y"},"content":{"rendered":"<p>[vc_row][vc_column][vc_column_text]Am Samstag gab es gro\u00dfe und funkelnde Augen unter den J\u00fcngsten. Immerhin wurden sie an diesem Tag eingeschult und d\u00fcrfen sich nun Erstkl\u00e4ssler nennen! Die neuen Sch\u00fclerinnen und Sch\u00fcler wurden durch Frau Kampes recht herzlich willkommen gehei\u00dfen. Anschlie\u00dfend gab es ein B\u00fchnenprogramm mit Liedern und T\u00e4nzen. Ganz zum Schluss durften dann die Klassen 1a, 1b, 1c, 1d in ihre jeweiligen Klassenr\u00e4ume gehen und diese zum ersten Mal erkunden. Wir sagen: herzlich willkommen!<\/p>\n<p>[\/vc_column_text][\/vc_column][\/vc_row][vc_row][vc_column width=&#8220;1\/1&#8243;][vc_gallery type=&#8220;image_grid&#8220; interval=&#8220;3&#8243; images=&#8220;3698,3699,3697,3700,3696,3695,3701,3704,3702,3705&#8243; onclick=&#8220;link_image&#8220; custom_links_target=&#8220;_self&#8220;][\/vc_column][\/vc_row]<\/p>\n","protected":false},"excerpt":{"rendered":"<p>[vc_row][vc_column][vc_column_text]Am Samstag gab es gro\u00dfe und funkelnde Augen unter den J\u00fcngsten. Immerhin wurden sie an diesem Tag eingeschult und d\u00fcrfen sich nun Erstkl\u00e4ssler nennen! Die neuen Sch\u00fclerinnen und Sch\u00fcler wurden durch Frau Kampes recht herzlich willkommen gehei\u00dfen. Anschlie\u00dfend gab es ein B\u00fchnenprogramm mit Liedern und T\u00e4nzen. Ganz zum Schluss durften dann die Klassen 1a, 1b,&hellip;&nbsp;<a href=\"https:\/\/katharina-heinroth-grundschule.de\/pl\/2016\/09\/14\/unsere-einschulungsfeier\/\" rel=\"bookmark\">Dowiedz si\u0119 wi\u0119cej &raquo;<span class=\"screen-reader-text\">Unsere Einschulungsfeier<\/span><\/a><\/p>\n","protected":false},"author":3,"featured_media":0,"comment_status":"closed","ping_status":"open","sticky":false,"template":"","format":"standard","meta":{"neve_meta_sidebar":"","neve_meta_container":"","neve_meta_enable_content_width":"","neve_meta_content_width":0,"neve_meta_title_alignment":"","neve_meta_author_avatar":"","neve_post_elements_order":"","neve_meta_disable_header":"","neve_meta_disable_footer":"","neve_meta_disable_title":"","footnotes":""},"categories":[1],"tags":[],"class_list":["post-3694","post","type-post","status-publish","format-standard","hentry","category-uncategorized"],"jetpack_featured_media_url":"","_links":{"self":[{"href":"https:\/\/katharina-heinroth-grundschule.de\/pl\/wp-json\/wp\/v2\/posts\/3694","targetHints":{"allow":["GET"]}}],"collection":[{"href":"https:\/\/katharina-heinroth-grundschule.de\/pl\/wp-json\/wp\/v2\/posts"}],"about":[{"href":"https:\/\/katharina-heinroth-grundschule.de\/pl\/wp-json\/wp\/v2\/types\/post"}],"author":[{"embeddable":true,"href":"https:\/\/katharina-heinroth-grundschule.de\/pl\/wp-json\/wp\/v2\/users\/3"}],"replies":[{"embeddable":true,"href":"https:\/\/katharina-heinroth-grundschule.de\/pl\/wp-json\/wp\/v2\/comments?post=3694"}],"version-history":[{"count":0,"href":"https:\/\/katharina-heinroth-grundschule.de\/pl\/wp-json\/wp\/v2\/posts\/3694\/revisions"}],"wp:attachment":[{"href":"https:\/\/katharina-heinroth-grundschule.de\/pl\/wp-json\/wp\/v2\/media?parent=3694"}],"wp:term":[{"taxonomy":"category","embeddable":true,"href":"https:\/\/katharina-heinroth-grundschule.de\/pl\/wp-json\/wp\/v2\/categories?post=3694"},{"taxonomy":"post_tag","embeddable":true,"href":"https:\/\/katharina-heinroth-grundschule.de\/pl\/wp-json\/wp\/v2\/tags?post=3694"}],"curies":[{"name":"wp","href":"https:\/\/api.w.org\/{rel}","templated":true}]}}