{"id":3744,"date":"2016-09-29T13:19:20","date_gmt":"2016-09-29T11:19:20","guid":{"rendered":"https:\/\/katharina-heinroth-grundschule.de\/?p=3744"},"modified":"2021-08-10T16:06:41","modified_gmt":"2021-08-10T14:06:41","slug":"tag-der-offenen-tuer","status":"publish","type":"post","link":"https:\/\/katharina-heinroth-grundschule.de\/pl\/2016\/09\/29\/tag-der-offenen-tuer\/","title":{"rendered":"Dzie\u0144 otwarty"},"content":{"rendered":"<p>[vc_row][vc_column width=&#8220;1\/1&#8243;][vc_column_text]<\/p>\n<section id=\"\" class=\"nicdark_section  vc_row wpb_row vc_row-fluid\">\n<div class=\"nicdark_container nicdark_vc nicdark_clearfix\">\n<div class=\"vc_col-sm-12 wpb_column vc_column_container\">\n<div class=\"wpb_wrapper\">\n<div class=\"wpb_text_column wpb_content_element \">\n<div class=\"wpb_wrapper\">\n<p>Wir bedanken uns bei allen, die zu unserem Tag der offen T\u00fcr gekommen sind. Neben unseren Schulprojekten wie \u201eSinus\u201c, \u201eTuWas!\u201c und \u201eSchule ohne Rassismus\u201c haben sich auch zahlreiche Schulpartner pr\u00e4sentiert. Mit Hilfe von F\u00fchrungen durch das Schul- und Hortgeb\u00e4ude wurden umfangreiche Eindr\u00fccke vermittelt. Auch f\u00fcr das leibliche Wohl und die musische Unterhaltung wurde hervorragend gesorgt.<\/p>\n<p>Wir freuen uns bereits jetzt, Ihnen ebenso 2017 wieder sch\u00f6ne Eindr\u00fccke beim Tag der offenen T\u00fcr zu vermitteln!<\/p>\n<\/div>\n<\/div>\n<\/div>\n<\/div>\n<\/div>\n<\/section>\n<p>[\/vc_column_text][\/vc_column][\/vc_row][vc_row][vc_column width=&#8220;1\/1&#8243;][vc_gallery type=&#8220;image_grid&#8220; interval=&#8220;3&#8243; images=&#8220;3736,3729,3731,3730,3732,3734&#8243; onclick=&#8220;link_image&#8220; custom_links_target=&#8220;_self&#8220;][\/vc_column][\/vc_row]<\/p>\n","protected":false},"excerpt":{"rendered":"<p>[vc_row][vc_column width=&#8220;1\/1&#8243;][vc_column_text] Wir bedanken uns bei allen, die zu unserem Tag der offen T\u00fcr gekommen sind. Neben unseren Schulprojekten wie \u201eSinus\u201c, \u201eTuWas!\u201c und \u201eSchule ohne Rassismus\u201c haben sich auch zahlreiche Schulpartner pr\u00e4sentiert. Mit Hilfe von F\u00fchrungen durch das Schul- und Hortgeb\u00e4ude wurden umfangreiche Eindr\u00fccke vermittelt. Auch f\u00fcr das leibliche Wohl und die musische Unterhaltung wurde&hellip;&nbsp;<a href=\"https:\/\/katharina-heinroth-grundschule.de\/pl\/2016\/09\/29\/tag-der-offenen-tuer\/\" rel=\"bookmark\">Dowiedz si\u0119 wi\u0119cej &raquo;<span class=\"screen-reader-text\">Tag der offenen T\u00fcr<\/span><\/a><\/p>\n","protected":false},"author":3,"featured_media":0,"comment_status":"closed","ping_status":"open","sticky":false,"template":"","format":"standard","meta":{"neve_meta_sidebar":"","neve_meta_container":"","neve_meta_enable_content_width":"","neve_meta_content_width":0,"neve_meta_title_alignment":"","neve_meta_author_avatar":"","neve_post_elements_order":"","neve_meta_disable_header":"","neve_meta_disable_footer":"","neve_meta_disable_title":"","footnotes":""},"categories":[1],"tags":[],"class_list":["post-3744","post","type-post","status-publish","format-standard","hentry","category-uncategorized"],"jetpack_featured_media_url":"","_links":{"self":[{"href":"https:\/\/katharina-heinroth-grundschule.de\/pl\/wp-json\/wp\/v2\/posts\/3744","targetHints":{"allow":["GET"]}}],"collection":[{"href":"https:\/\/katharina-heinroth-grundschule.de\/pl\/wp-json\/wp\/v2\/posts"}],"about":[{"href":"https:\/\/katharina-heinroth-grundschule.de\/pl\/wp-json\/wp\/v2\/types\/post"}],"author":[{"embeddable":true,"href":"https:\/\/katharina-heinroth-grundschule.de\/pl\/wp-json\/wp\/v2\/users\/3"}],"replies":[{"embeddable":true,"href":"https:\/\/katharina-heinroth-grundschule.de\/pl\/wp-json\/wp\/v2\/comments?post=3744"}],"version-history":[{"count":0,"href":"https:\/\/katharina-heinroth-grundschule.de\/pl\/wp-json\/wp\/v2\/posts\/3744\/revisions"}],"wp:attachment":[{"href":"https:\/\/katharina-heinroth-grundschule.de\/pl\/wp-json\/wp\/v2\/media?parent=3744"}],"wp:term":[{"taxonomy":"category","embeddable":true,"href":"https:\/\/katharina-heinroth-grundschule.de\/pl\/wp-json\/wp\/v2\/categories?post=3744"},{"taxonomy":"post_tag","embeddable":true,"href":"https:\/\/katharina-heinroth-grundschule.de\/pl\/wp-json\/wp\/v2\/tags?post=3744"}],"curies":[{"name":"wp","href":"https:\/\/api.w.org\/{rel}","templated":true}]}}