{"id":4114,"date":"2017-06-22T12:05:42","date_gmt":"2017-06-22T10:05:42","guid":{"rendered":"https:\/\/katharina-heinroth-grundschule.de\/?p=4114"},"modified":"2021-08-10T16:06:25","modified_gmt":"2021-08-10T14:06:25","slug":"buehnenprogramm-fuer-muetter-und-vaeter","status":"publish","type":"post","link":"https:\/\/katharina-heinroth-grundschule.de\/pl\/2017\/06\/22\/buehnenprogramm-fuer-muetter-und-vaeter\/","title":{"rendered":"Program etapowy dla matek i ojc\u00f3w"},"content":{"rendered":"<p>[vc_row][vc_column width=&#8220;1\/1&#8243;][vc_column_text]<\/p>\n<p>Zum Anlass des Mutter- und Vatertages haben die Sch\u00fclerinnen und Sch\u00fcler der Klassen 2c und 2d f\u00fcr ihre M\u00fctter und V\u00e4ter ein einst\u00fcndiges, abwechslungsreiches Programm auf der B\u00fchne in der Aula vorbereitet. Sie haben viele Gedichte vorgetragen, verschiedene Lieder gesungen und auch getanzt. Die anwesenden M\u00fctter und V\u00e4ter waren sichtlich ger\u00fchrt von der Vorstellung ihrer Kleinen.<\/p>\n<p>[\/vc_column_text][\/vc_column][\/vc_row][vc_row][vc_column width=&#8220;1\/1&#8243;][vc_gallery type=&#8220;image_grid&#8220; interval=&#8220;3&#8243; images=&#8220;4079,4077&#8243; onclick=&#8220;link_image&#8220; custom_links_target=&#8220;_self&#8220;][\/vc_column][\/vc_row]<\/p>\n","protected":false},"excerpt":{"rendered":"<p>[vc_row][vc_column width=&#8220;1\/1&#8243;][vc_column_text] Zum Anlass des Mutter- und Vatertages haben die Sch\u00fclerinnen und Sch\u00fcler der Klassen 2c und 2d f\u00fcr ihre M\u00fctter und V\u00e4ter ein einst\u00fcndiges, abwechslungsreiches Programm auf der B\u00fchne in der Aula vorbereitet. Sie haben viele Gedichte vorgetragen, verschiedene Lieder gesungen und auch getanzt. Die anwesenden M\u00fctter und V\u00e4ter waren sichtlich ger\u00fchrt von der&hellip;&nbsp;<a href=\"https:\/\/katharina-heinroth-grundschule.de\/pl\/2017\/06\/22\/buehnenprogramm-fuer-muetter-und-vaeter\/\" rel=\"bookmark\">Dowiedz si\u0119 wi\u0119cej &raquo;<span class=\"screen-reader-text\">B\u00fchnenprogramm f\u00fcr M\u00fctter und V\u00e4ter<\/span><\/a><\/p>\n","protected":false},"author":3,"featured_media":0,"comment_status":"closed","ping_status":"open","sticky":false,"template":"","format":"standard","meta":{"neve_meta_sidebar":"","neve_meta_container":"","neve_meta_enable_content_width":"","neve_meta_content_width":0,"neve_meta_title_alignment":"","neve_meta_author_avatar":"","neve_post_elements_order":"","neve_meta_disable_header":"","neve_meta_disable_footer":"","neve_meta_disable_title":"","footnotes":""},"categories":[1],"tags":[],"class_list":["post-4114","post","type-post","status-publish","format-standard","hentry","category-uncategorized"],"jetpack_featured_media_url":"","_links":{"self":[{"href":"https:\/\/katharina-heinroth-grundschule.de\/pl\/wp-json\/wp\/v2\/posts\/4114","targetHints":{"allow":["GET"]}}],"collection":[{"href":"https:\/\/katharina-heinroth-grundschule.de\/pl\/wp-json\/wp\/v2\/posts"}],"about":[{"href":"https:\/\/katharina-heinroth-grundschule.de\/pl\/wp-json\/wp\/v2\/types\/post"}],"author":[{"embeddable":true,"href":"https:\/\/katharina-heinroth-grundschule.de\/pl\/wp-json\/wp\/v2\/users\/3"}],"replies":[{"embeddable":true,"href":"https:\/\/katharina-heinroth-grundschule.de\/pl\/wp-json\/wp\/v2\/comments?post=4114"}],"version-history":[{"count":0,"href":"https:\/\/katharina-heinroth-grundschule.de\/pl\/wp-json\/wp\/v2\/posts\/4114\/revisions"}],"wp:attachment":[{"href":"https:\/\/katharina-heinroth-grundschule.de\/pl\/wp-json\/wp\/v2\/media?parent=4114"}],"wp:term":[{"taxonomy":"category","embeddable":true,"href":"https:\/\/katharina-heinroth-grundschule.de\/pl\/wp-json\/wp\/v2\/categories?post=4114"},{"taxonomy":"post_tag","embeddable":true,"href":"https:\/\/katharina-heinroth-grundschule.de\/pl\/wp-json\/wp\/v2\/tags?post=4114"}],"curies":[{"name":"wp","href":"https:\/\/api.w.org\/{rel}","templated":true}]}}