{"id":413,"date":"2015-07-03T13:46:22","date_gmt":"2015-07-03T11:46:22","guid":{"rendered":"https:\/\/katharina-heinroth-grundschule.de\/?p=413"},"modified":"2021-08-10T16:07:25","modified_gmt":"2021-08-10T14:07:25","slug":"unsere-schulkueche-ist-fertig-03-07-2015","status":"publish","type":"post","link":"https:\/\/katharina-heinroth-grundschule.de\/pl\/2015\/07\/03\/unsere-schulkueche-ist-fertig-03-07-2015\/","title":{"rendered":"Nasza szkolna kuchnia jest gotowa!"},"content":{"rendered":"<p>Nasz <a href=\"https:\/\/katharina-heinroth-grundschule.de\/pl\/foerderverein.html\/\">Ko\u0142o przyjaci\u00f3\u0142 szko\u0142y<\/a> zaj\u0119\u0142a si\u0119 nasz\u0105 szkoln\u0105 kuchni\u0105 na parterze:<\/p>\n<p>\u015awie\u017ca farba na \u015bcianach, obrusy, taborety, nowy blat, zlew i wiele wi\u0119cej ...<\/p>\n<p>M\u00f3wimy <strong>DZI\u0118KUJEMY<\/strong> za ten wspania\u0142y wynik i ju\u017c nie mo\u017cemy si\u0119 doczeka\u0107 pierwszego gotowania!<\/p>\n<figure id=\"attachment_1220\" aria-describedby=\"caption-attachment-1220\" style=\"width: 300px\" class=\"wp-caption alignleft\"><a href=\"https:\/\/katharina-heinroth-grundschule.de\/wp-content\/uploads\/20150709-P1150819.jpg\"><img fetchpriority=\"high\" decoding=\"async\" class=\"size-medium wp-image-1220\" src=\"https:\/\/katharina-heinroth-grundschule.de\/wp-content\/uploads\/20150709-P1150819-300x225.jpg\" alt=\"Schulk\u00fcche neu\" width=\"300\" height=\"225\" \/><\/a><figcaption id=\"caption-attachment-1220\" class=\"wp-caption-text\"><a href=\"https:\/\/katharina-heinroth-grundschule.de\/wp-content\/uploads\/20150709-P1150820.jpg\"> <img decoding=\"async\" class=\"size-medium wp-image-1221\" src=\"https:\/\/katharina-heinroth-grundschule.de\/wp-content\/uploads\/20150709-P1150820-300x225.jpg\" alt=\"Schulk\u00fcche neu\" width=\"300\" height=\"225\" \/><\/a><\/figcaption><\/figure>\n<p><img decoding=\"async\" class=\"size-medium wp-image-1223 alignleft\" src=\"https:\/\/katharina-heinroth-grundschule.de\/wp-content\/uploads\/20150709-P1150821-300x225.jpg\" alt=\"Schulk\u00fcche neu\" width=\"300\" height=\"225\" \/><\/p>\n<p><img loading=\"lazy\" decoding=\"async\" class=\"size-medium wp-image-1224 alignleft\" src=\"https:\/\/katharina-heinroth-grundschule.de\/wp-content\/uploads\/20150709-P1150824-300x225.jpg\" alt=\"Schulk\u00fcche neu\" width=\"300\" height=\"225\" \/><\/p>\n<p><img loading=\"lazy\" decoding=\"async\" class=\"size-medium wp-image-1225 alignleft\" src=\"https:\/\/katharina-heinroth-grundschule.de\/wp-content\/uploads\/20150709-P1150825-300x225.jpg\" alt=\"Schulk\u00fcche neu\" width=\"300\" height=\"225\" \/><\/p>\n<p>&nbsp;<\/p>","protected":false},"excerpt":{"rendered":"<p>Unser F\u00f6rderverein hat sich unserer Schulk\u00fcche im Erdgeschoss angenommen: Frische Farbe an den W\u00e4nden, Tischdecken, Hocker, neue Arbeitsplatte, Sp\u00fcle und vieles vieles mehr &#8230; Wir sagen DANKE f\u00fcr dieses tolle Ergebnis und freuen uns schon auf das erste Kochen! &nbsp;<\/p>","protected":false},"author":3,"featured_media":0,"comment_status":"open","ping_status":"open","sticky":false,"template":"","format":"standard","meta":{"neve_meta_sidebar":"","neve_meta_container":"","neve_meta_enable_content_width":"","neve_meta_content_width":0,"neve_meta_title_alignment":"","neve_meta_author_avatar":"","neve_post_elements_order":"","neve_meta_disable_header":"","neve_meta_disable_footer":"","neve_meta_disable_title":"","footnotes":""},"categories":[11],"tags":[],"class_list":["post-413","post","type-post","status-publish","format-standard","hentry","category-foerderverein"],"jetpack_featured_media_url":"","_links":{"self":[{"href":"https:\/\/katharina-heinroth-grundschule.de\/pl\/wp-json\/wp\/v2\/posts\/413","targetHints":{"allow":["GET"]}}],"collection":[{"href":"https:\/\/katharina-heinroth-grundschule.de\/pl\/wp-json\/wp\/v2\/posts"}],"about":[{"href":"https:\/\/katharina-heinroth-grundschule.de\/pl\/wp-json\/wp\/v2\/types\/post"}],"author":[{"embeddable":true,"href":"https:\/\/katharina-heinroth-grundschule.de\/pl\/wp-json\/wp\/v2\/users\/3"}],"replies":[{"embeddable":true,"href":"https:\/\/katharina-heinroth-grundschule.de\/pl\/wp-json\/wp\/v2\/comments?post=413"}],"version-history":[{"count":0,"href":"https:\/\/katharina-heinroth-grundschule.de\/pl\/wp-json\/wp\/v2\/posts\/413\/revisions"}],"wp:attachment":[{"href":"https:\/\/katharina-heinroth-grundschule.de\/pl\/wp-json\/wp\/v2\/media?parent=413"}],"wp:term":[{"taxonomy":"category","embeddable":true,"href":"https:\/\/katharina-heinroth-grundschule.de\/pl\/wp-json\/wp\/v2\/categories?post=413"},{"taxonomy":"post_tag","embeddable":true,"href":"https:\/\/katharina-heinroth-grundschule.de\/pl\/wp-json\/wp\/v2\/tags?post=413"}],"curies":[{"name":"wp","href":"https:\/\/api.w.org\/{rel}","templated":true}]}}