{"id":4133,"date":"2017-06-22T12:06:35","date_gmt":"2017-06-22T10:06:35","guid":{"rendered":"https:\/\/katharina-heinroth-grundschule.de\/?p=4133"},"modified":"2021-08-10T16:06:25","modified_gmt":"2021-08-10T14:06:25","slug":"u16-deutschland-frankreich","status":"publish","type":"post","link":"https:\/\/katharina-heinroth-grundschule.de\/pl\/2017\/06\/22\/u16-deutschland-frankreich\/","title":{"rendered":"U16 Niemcy - Francja"},"content":{"rendered":"<p>[vc_row][vc_column width=&#8220;1\/1&#8243;][vc_column_text]<\/p>\n<p>Mehrere Klassen unserer Schule besuchten das U16-L\u00e4nderspiel zwischen Deutschland und Frankreich im Friedrich-Ludwig-Jahn-Sportpark. Trotz gro\u00dfer Unterst\u00fctzung und vieler talentierter Spieler gelang der Deutschen Mannschaft leider kein Sieg. Am Ende stand es 5:2 f\u00fcr Frankreich. F\u00fcr die Kinder war es aber dennoch ein sehr sch\u00f6nes und aufregendes Erlebnis. Immerhin waren mehrere tausend Zuschauer anwesend.<\/p>\n<p>[\/vc_column_text][\/vc_column][\/vc_row][vc_row][vc_column width=&#8220;1\/1&#8243;][vc_gallery type=&#8220;image_grid&#8220; interval=&#8220;3&#8243; images=&#8220;4135,4134&#8243; onclick=&#8220;link_image&#8220; custom_links_target=&#8220;_self&#8220;][\/vc_column][\/vc_row]<\/p>\n","protected":false},"excerpt":{"rendered":"<p>[vc_row][vc_column width=&#8220;1\/1&#8243;][vc_column_text] Mehrere Klassen unserer Schule besuchten das U16-L\u00e4nderspiel zwischen Deutschland und Frankreich im Friedrich-Ludwig-Jahn-Sportpark. Trotz gro\u00dfer Unterst\u00fctzung und vieler talentierter Spieler gelang der Deutschen Mannschaft leider kein Sieg. Am Ende stand es 5:2 f\u00fcr Frankreich. F\u00fcr die Kinder war es aber dennoch ein sehr sch\u00f6nes und aufregendes Erlebnis. Immerhin waren mehrere tausend Zuschauer anwesend.&hellip;&nbsp;<a href=\"https:\/\/katharina-heinroth-grundschule.de\/pl\/2017\/06\/22\/u16-deutschland-frankreich\/\" rel=\"bookmark\">Dowiedz si\u0119 wi\u0119cej &raquo;<span class=\"screen-reader-text\">U16 Deutschland &#8211; Frankreich<\/span><\/a><\/p>\n","protected":false},"author":3,"featured_media":0,"comment_status":"closed","ping_status":"open","sticky":false,"template":"","format":"standard","meta":{"neve_meta_sidebar":"","neve_meta_container":"","neve_meta_enable_content_width":"","neve_meta_content_width":0,"neve_meta_title_alignment":"","neve_meta_author_avatar":"","neve_post_elements_order":"","neve_meta_disable_header":"","neve_meta_disable_footer":"","neve_meta_disable_title":"","footnotes":""},"categories":[1],"tags":[],"class_list":["post-4133","post","type-post","status-publish","format-standard","hentry","category-uncategorized"],"jetpack_featured_media_url":"","_links":{"self":[{"href":"https:\/\/katharina-heinroth-grundschule.de\/pl\/wp-json\/wp\/v2\/posts\/4133","targetHints":{"allow":["GET"]}}],"collection":[{"href":"https:\/\/katharina-heinroth-grundschule.de\/pl\/wp-json\/wp\/v2\/posts"}],"about":[{"href":"https:\/\/katharina-heinroth-grundschule.de\/pl\/wp-json\/wp\/v2\/types\/post"}],"author":[{"embeddable":true,"href":"https:\/\/katharina-heinroth-grundschule.de\/pl\/wp-json\/wp\/v2\/users\/3"}],"replies":[{"embeddable":true,"href":"https:\/\/katharina-heinroth-grundschule.de\/pl\/wp-json\/wp\/v2\/comments?post=4133"}],"version-history":[{"count":0,"href":"https:\/\/katharina-heinroth-grundschule.de\/pl\/wp-json\/wp\/v2\/posts\/4133\/revisions"}],"wp:attachment":[{"href":"https:\/\/katharina-heinroth-grundschule.de\/pl\/wp-json\/wp\/v2\/media?parent=4133"}],"wp:term":[{"taxonomy":"category","embeddable":true,"href":"https:\/\/katharina-heinroth-grundschule.de\/pl\/wp-json\/wp\/v2\/categories?post=4133"},{"taxonomy":"post_tag","embeddable":true,"href":"https:\/\/katharina-heinroth-grundschule.de\/pl\/wp-json\/wp\/v2\/tags?post=4133"}],"curies":[{"name":"wp","href":"https:\/\/api.w.org\/{rel}","templated":true}]}}