{"id":4138,"date":"2017-06-22T12:10:42","date_gmt":"2017-06-22T10:10:42","guid":{"rendered":"https:\/\/katharina-heinroth-grundschule.de\/?p=4138"},"modified":"2021-08-10T16:06:25","modified_gmt":"2021-08-10T14:06:25","slug":"muelltrennung-im-sachunterricht","status":"publish","type":"post","link":"https:\/\/katharina-heinroth-grundschule.de\/pl\/2017\/06\/22\/muelltrennung-im-sachunterricht\/","title":{"rendered":"Segregacja odpad\u00f3w na lekcjach przedmiot\u00f3w \u015bcis\u0142ych"},"content":{"rendered":"<p>[vc_row][vc_column width=&#8220;1\/1&#8243;][vc_column_text]<\/p>\n<p>Im Rahmen des Sachunterrichts der 4. Klasse besch\u00e4ftigen sich die Sch\u00fclerinnen und Sch\u00fcler mit den Themen Natur und Umwelt, sowie M\u00fcllvermeidung und Recycling. In Zusammenarbeit mit der BSR (Berliner Stadtreinigung) und\u00a0 Herrn B\u00fcttner fand ein Projekt zur M\u00fclltrennung statt. So standen mehrere bunte M\u00fcllbeh\u00e4lter, eine Kiste voll M\u00fcll und viele begeisterte und engagierte Kinder im Klassenraum und sortierten Abfall. Die Kinder konnten ihr Wissen erweitern und k\u00f6nnen nun zielsicher z.B. wei\u00dfgef\u00e4rbtes Glas in die Gr\u00fcnglastonne entsorgen. Au\u00dferdem wurde ein Abfallsortier-Computerspiel gespielt und viel aus den eigenen Erfahrungen aus der Stadt und von zu Hause gesprochen. Bewusstsein f\u00fcr Nachhaltigkeit und Spa\u00df wurden hier im Klassenraum entwickelt.<\/p>\n<p>[\/vc_column_text][\/vc_column][\/vc_row][vc_row][vc_column width=&#8220;1\/1&#8243;][vc_gallery type=&#8220;image_grid&#8220; interval=&#8220;3&#8243; images=&#8220;4140,4139,4141&#8243; onclick=&#8220;link_image&#8220; custom_links_target=&#8220;_self&#8220;][\/vc_column][\/vc_row]<\/p>\n","protected":false},"excerpt":{"rendered":"<p>[vc_row][vc_column width=&#8220;1\/1&#8243;][vc_column_text] Im Rahmen des Sachunterrichts der 4. Klasse besch\u00e4ftigen sich die Sch\u00fclerinnen und Sch\u00fcler mit den Themen Natur und Umwelt, sowie M\u00fcllvermeidung und Recycling. In Zusammenarbeit mit der BSR (Berliner Stadtreinigung) und\u00a0 Herrn B\u00fcttner fand ein Projekt zur M\u00fclltrennung statt. So standen mehrere bunte M\u00fcllbeh\u00e4lter, eine Kiste voll M\u00fcll und viele begeisterte und engagierte&hellip;&nbsp;<a href=\"https:\/\/katharina-heinroth-grundschule.de\/pl\/2017\/06\/22\/muelltrennung-im-sachunterricht\/\" rel=\"bookmark\">Dowiedz si\u0119 wi\u0119cej &raquo;<span class=\"screen-reader-text\">M\u00fclltrennung im Sachunterricht<\/span><\/a><\/p>\n","protected":false},"author":3,"featured_media":0,"comment_status":"closed","ping_status":"open","sticky":false,"template":"","format":"standard","meta":{"neve_meta_sidebar":"","neve_meta_container":"","neve_meta_enable_content_width":"","neve_meta_content_width":0,"neve_meta_title_alignment":"","neve_meta_author_avatar":"","neve_post_elements_order":"","neve_meta_disable_header":"","neve_meta_disable_footer":"","neve_meta_disable_title":"","footnotes":""},"categories":[1],"tags":[],"class_list":["post-4138","post","type-post","status-publish","format-standard","hentry","category-uncategorized"],"jetpack_featured_media_url":"","_links":{"self":[{"href":"https:\/\/katharina-heinroth-grundschule.de\/pl\/wp-json\/wp\/v2\/posts\/4138","targetHints":{"allow":["GET"]}}],"collection":[{"href":"https:\/\/katharina-heinroth-grundschule.de\/pl\/wp-json\/wp\/v2\/posts"}],"about":[{"href":"https:\/\/katharina-heinroth-grundschule.de\/pl\/wp-json\/wp\/v2\/types\/post"}],"author":[{"embeddable":true,"href":"https:\/\/katharina-heinroth-grundschule.de\/pl\/wp-json\/wp\/v2\/users\/3"}],"replies":[{"embeddable":true,"href":"https:\/\/katharina-heinroth-grundschule.de\/pl\/wp-json\/wp\/v2\/comments?post=4138"}],"version-history":[{"count":0,"href":"https:\/\/katharina-heinroth-grundschule.de\/pl\/wp-json\/wp\/v2\/posts\/4138\/revisions"}],"wp:attachment":[{"href":"https:\/\/katharina-heinroth-grundschule.de\/pl\/wp-json\/wp\/v2\/media?parent=4138"}],"wp:term":[{"taxonomy":"category","embeddable":true,"href":"https:\/\/katharina-heinroth-grundschule.de\/pl\/wp-json\/wp\/v2\/categories?post=4138"},{"taxonomy":"post_tag","embeddable":true,"href":"https:\/\/katharina-heinroth-grundschule.de\/pl\/wp-json\/wp\/v2\/tags?post=4138"}],"curies":[{"name":"wp","href":"https:\/\/api.w.org\/{rel}","templated":true}]}}