{"id":4232,"date":"2017-07-25T14:12:14","date_gmt":"2017-07-25T12:12:14","guid":{"rendered":"https:\/\/katharina-heinroth-grundschule.de\/?p=4232"},"modified":"2017-07-25T14:12:14","modified_gmt":"2017-07-25T12:12:14","slug":"schule-ohne-rassismus-so-keres-zu-gast","status":"publish","type":"post","link":"https:\/\/katharina-heinroth-grundschule.de\/pl\/2017\/07\/25\/schule-ohne-rassismus-so-keres-zu-gast\/","title":{"rendered":"Szko\u0142a bez rasizmu - \"So keres\" jako go\u015b\u0107"},"content":{"rendered":"<p>[vc_row][vc_column width=&#8220;1\/1&#8243;][vc_column_text]Das Kinder- und Jugendtheater &#8222;So keres&#8220; war dieses Jahr im Rahmen unseres Projekttages &#8222;Schule ohne Rassismus&#8220; bei uns zu Gast. &#8222;So keres&#8220; ist Romanes und bedeutet: Was machst du? Die Sch\u00fclerinnen und Sch\u00fcler erfuhren, was Diskriminierung f\u00fcr eine Person bedeuten und wie sie sich dabei f\u00fchlen kann. Es trafen sich immer mindestens zwei unterschiedliche Klassen zusammen, um ein gemeinsames und vorallem gemeinschaftliches Fr\u00fchst\u00fcck abzuhalten. Anschlie\u00dfend erhielten die Kinder noch die Gelegenheit, miteinander zu spielen. Der H\u00f6hepunkt war jedoch die zweite Phase, in der zun\u00e4chst jemand von &#8222;So keres&#8220; einen Vortrag \u00fcber die Historie von Sinti und Roma hielt. Anschlie\u00dfend wurde mit Hilfe der Methode des sogenannten Forumtheaters schauspielerisch dargestellt, wie Diskriminierung im Alltag vorkommt und sie sich anf\u00fchlt. Insofern ein rundum gelungener Tag, nicht nur f\u00fcr unsere Sch\u00fclerinnen und Sch\u00fcler sondern ebenso f\u00fcr die Lehrkr\u00e4fte, die anschlie\u00dfend an einer Fortbildung teilnahmen.<\/p>\n<p>&nbsp;<\/p>\n<p>Insofern nochmal ein herzlicher Dank an das Kinder- und Jugendtheater &#8222;So keres&#8220;![\/vc_column_text][\/vc_column][\/vc_row][vc_row][vc_column width=&#8220;1\/1&#8243;][vc_gallery type=&#8220;image_grid&#8220; interval=&#8220;3&#8243; onclick=&#8220;link_image&#8220; custom_links_target=&#8220;_self&#8220; images=&#8220;4195,4196,4191,4192,4198,4199,4197,4193,4194,4200,4201,4202,4203&#8243;][\/vc_column][\/vc_row]<\/p>\n","protected":false},"excerpt":{"rendered":"<p>[vc_row][vc_column width=&#8220;1\/1&#8243;][vc_column_text]Das Kinder- und Jugendtheater &#8222;So keres&#8220; war dieses Jahr im Rahmen unseres Projekttages &#8222;Schule ohne Rassismus&#8220; bei uns zu Gast. &#8222;So keres&#8220; ist Romanes und bedeutet: Was machst du? Die Sch\u00fclerinnen und Sch\u00fcler erfuhren, was Diskriminierung f\u00fcr eine Person bedeuten und wie sie sich dabei f\u00fchlen kann. Es trafen sich immer mindestens zwei unterschiedliche&hellip;&nbsp;<a href=\"https:\/\/katharina-heinroth-grundschule.de\/pl\/2017\/07\/25\/schule-ohne-rassismus-so-keres-zu-gast\/\" rel=\"bookmark\">Dowiedz si\u0119 wi\u0119cej &raquo;<span class=\"screen-reader-text\">Schule ohne Rassismus &#8211; &#8222;So keres&#8220; zu Gast<\/span><\/a><\/p>\n","protected":false},"author":1,"featured_media":0,"comment_status":"closed","ping_status":"open","sticky":false,"template":"","format":"standard","meta":{"neve_meta_sidebar":"","neve_meta_container":"","neve_meta_enable_content_width":"","neve_meta_content_width":0,"neve_meta_title_alignment":"","neve_meta_author_avatar":"","neve_post_elements_order":"","neve_meta_disable_header":"","neve_meta_disable_footer":"","neve_meta_disable_title":"","footnotes":""},"categories":[1],"tags":[],"class_list":["post-4232","post","type-post","status-publish","format-standard","hentry","category-uncategorized"],"jetpack_featured_media_url":"","_links":{"self":[{"href":"https:\/\/katharina-heinroth-grundschule.de\/pl\/wp-json\/wp\/v2\/posts\/4232","targetHints":{"allow":["GET"]}}],"collection":[{"href":"https:\/\/katharina-heinroth-grundschule.de\/pl\/wp-json\/wp\/v2\/posts"}],"about":[{"href":"https:\/\/katharina-heinroth-grundschule.de\/pl\/wp-json\/wp\/v2\/types\/post"}],"author":[{"embeddable":true,"href":"https:\/\/katharina-heinroth-grundschule.de\/pl\/wp-json\/wp\/v2\/users\/1"}],"replies":[{"embeddable":true,"href":"https:\/\/katharina-heinroth-grundschule.de\/pl\/wp-json\/wp\/v2\/comments?post=4232"}],"version-history":[{"count":0,"href":"https:\/\/katharina-heinroth-grundschule.de\/pl\/wp-json\/wp\/v2\/posts\/4232\/revisions"}],"wp:attachment":[{"href":"https:\/\/katharina-heinroth-grundschule.de\/pl\/wp-json\/wp\/v2\/media?parent=4232"}],"wp:term":[{"taxonomy":"category","embeddable":true,"href":"https:\/\/katharina-heinroth-grundschule.de\/pl\/wp-json\/wp\/v2\/categories?post=4232"},{"taxonomy":"post_tag","embeddable":true,"href":"https:\/\/katharina-heinroth-grundschule.de\/pl\/wp-json\/wp\/v2\/tags?post=4232"}],"curies":[{"name":"wp","href":"https:\/\/api.w.org\/{rel}","templated":true}]}}