{"id":4257,"date":"2017-09-13T15:56:03","date_gmt":"2017-09-13T13:56:03","guid":{"rendered":"https:\/\/katharina-heinroth-grundschule.de\/?p=4257"},"modified":"2017-09-13T15:56:03","modified_gmt":"2017-09-13T13:56:03","slug":"einschulungsfeier-2017","status":"publish","type":"post","link":"https:\/\/katharina-heinroth-grundschule.de\/pl\/2017\/09\/13\/einschulungsfeier-2017\/","title":{"rendered":"Ceremonia zapis\u00f3w do szko\u0142y 2017"},"content":{"rendered":"<p>[vc_row][vc_column width=&#8220;1\/1&#8243;][vc_column_text]Letzten Samstag konnten wir \u00fcber 90 neue Kinder bei uns an der Katharina-Heinroth-Grundschule willkommen hei\u00dfen. Im Rahmen eines ansehenlichen Festprogramms durften die gr\u00f6\u00dferen Sch\u00fcler aus den Klassen 2 und 3 zeigen, was sie k\u00f6nnen. Es wurde ein Sketch \u00fcber Buchstaben und Zahlen pr\u00e4sentiert, Lieder gesungen und T\u00e4nze vorgestellt. Nach der Einschulungsfeier ging es f\u00fcr die Neuank\u00f6mmlinge direkt in ihre neuen Klassenzimmer. Dort durften sie sofort eine verk\u00fcrzte Unterrichtsstunde miterleben. Hier stellten sich die Lehrkr\u00e4fte sowie Erzieher den Kindern vor, wodurch ein erster Eindruck gewonnen werden konnte.<\/p>\n<p>&nbsp;<\/p>\n<p>Und n\u00e4chstes Jahr werden wir dann die Tradition weiterf\u00fchren und die k\u00fcnftigen 2.-Kl\u00e4ssler werden 2018 tanzen und singen. In diesem Sinne w\u00fcnschen wir allen Eingeschulten ein aufregendes und lernreiches erstes Schuljahr.[\/vc_column_text][\/vc_column][\/vc_row][vc_row][vc_column width=&#8220;1\/1&#8243;][vc_gallery type=&#8220;image_grid&#8220; onclick=&#8220;link_image&#8220; custom_links_target=&#8220;_self&#8220; interval=&#8220;3&#8243; images=&#8220;4299,4288,4300,4290,4289,4296,4287,4295,4302,4298,4291,4294,4292,4293,4303,4304,4305,4306,4307,4308&#8243;][\/vc_column][\/vc_row]<\/p>\n","protected":false},"excerpt":{"rendered":"<p>[vc_row][vc_column width=&#8220;1\/1&#8243;][vc_column_text]Letzten Samstag konnten wir \u00fcber 90 neue Kinder bei uns an der Katharina-Heinroth-Grundschule willkommen hei\u00dfen. Im Rahmen eines ansehenlichen Festprogramms durften die gr\u00f6\u00dferen Sch\u00fcler aus den Klassen 2 und 3 zeigen, was sie k\u00f6nnen. Es wurde ein Sketch \u00fcber Buchstaben und Zahlen pr\u00e4sentiert, Lieder gesungen und T\u00e4nze vorgestellt. Nach der Einschulungsfeier ging es f\u00fcr&hellip;&nbsp;<a href=\"https:\/\/katharina-heinroth-grundschule.de\/pl\/2017\/09\/13\/einschulungsfeier-2017\/\" rel=\"bookmark\">Dowiedz si\u0119 wi\u0119cej &raquo;<span class=\"screen-reader-text\">Einschulungsfeier 2017<\/span><\/a><\/p>\n","protected":false},"author":1,"featured_media":0,"comment_status":"closed","ping_status":"open","sticky":false,"template":"","format":"standard","meta":{"neve_meta_sidebar":"","neve_meta_container":"","neve_meta_enable_content_width":"","neve_meta_content_width":0,"neve_meta_title_alignment":"","neve_meta_author_avatar":"","neve_post_elements_order":"","neve_meta_disable_header":"","neve_meta_disable_footer":"","neve_meta_disable_title":"","footnotes":""},"categories":[1],"tags":[],"class_list":["post-4257","post","type-post","status-publish","format-standard","hentry","category-uncategorized"],"jetpack_featured_media_url":"","_links":{"self":[{"href":"https:\/\/katharina-heinroth-grundschule.de\/pl\/wp-json\/wp\/v2\/posts\/4257","targetHints":{"allow":["GET"]}}],"collection":[{"href":"https:\/\/katharina-heinroth-grundschule.de\/pl\/wp-json\/wp\/v2\/posts"}],"about":[{"href":"https:\/\/katharina-heinroth-grundschule.de\/pl\/wp-json\/wp\/v2\/types\/post"}],"author":[{"embeddable":true,"href":"https:\/\/katharina-heinroth-grundschule.de\/pl\/wp-json\/wp\/v2\/users\/1"}],"replies":[{"embeddable":true,"href":"https:\/\/katharina-heinroth-grundschule.de\/pl\/wp-json\/wp\/v2\/comments?post=4257"}],"version-history":[{"count":0,"href":"https:\/\/katharina-heinroth-grundschule.de\/pl\/wp-json\/wp\/v2\/posts\/4257\/revisions"}],"wp:attachment":[{"href":"https:\/\/katharina-heinroth-grundschule.de\/pl\/wp-json\/wp\/v2\/media?parent=4257"}],"wp:term":[{"taxonomy":"category","embeddable":true,"href":"https:\/\/katharina-heinroth-grundschule.de\/pl\/wp-json\/wp\/v2\/categories?post=4257"},{"taxonomy":"post_tag","embeddable":true,"href":"https:\/\/katharina-heinroth-grundschule.de\/pl\/wp-json\/wp\/v2\/tags?post=4257"}],"curies":[{"name":"wp","href":"https:\/\/api.w.org\/{rel}","templated":true}]}}