{"id":4313,"date":"2017-09-22T11:54:04","date_gmt":"2017-09-22T09:54:04","guid":{"rendered":"https:\/\/katharina-heinroth-grundschule.de\/?p=4313"},"modified":"2017-09-22T11:54:04","modified_gmt":"2017-09-22T09:54:04","slug":"4313","status":"publish","type":"post","link":"https:\/\/katharina-heinroth-grundschule.de\/pl\/2017\/09\/22\/4313\/","title":{"rendered":"Dzie\u0144 otwarty"},"content":{"rendered":"<p>[vc_row][vc_column width=&#8220;1\/1&#8243;][vc_column_text]An diesem Samstag fand wieder einmal unser Tag der offenen T\u00fcr statt. Insbesondere Eltern von Kindern, welche in einem Jahr in die 1. Klasse gehen werden, waren vor Ort, um sich einen Eindruck zu verschaffen. Neben unseren gro\u00dfen Projekten wie &#8222;Sinus&#8220; (Mathematik), &#8222;TuWas&#8220; (Naturwissenschaften) und &#8222;Schule ohne Rassismus &#8211; Schule mit Courage&#8220; gab es ebenso Einblick in den Unterricht, ausgew\u00e4hlte AGs, die Klassenr\u00e4umlichkeiten und das Schulgeb\u00e4ude. Ein gro\u00dfer Dank ist auch an die Schulpartner wie die Musikschule Fr\u00f6hlich, die Berliner Schulpaten, die Robert-Jungk-Oberschule, den Judoklub Kaizen, die Chinesische Schule, die Lesepaten und die Sprachschule Berlinek zu richten, welche sich pr\u00e4sentiert haben.\u00a0 Unser F\u00f6rderverein war auch mit voller Tatkraft dabei und k\u00fcmmerte sich um das Catering inklusive Popcorn und stand dar\u00fcberhinaus f\u00fcr viele Gespr\u00e4che bereit. Die Sch\u00fcler hatten entweder in ihren Klassen Unterricht oder waren beim Kuchenverkauf oder ausgew\u00e4hlten AGs eingeteilt. Dieses Jahr halfen zudem Sch\u00fcler der 5. und 6. Jahrgangsstufe bei den Rundg\u00e4ngen als sie den anwesenden G\u00e4sten die Schule zeigten.<\/p>\n<p>&nbsp;<\/p>\n<p>Wir bedanken uns bei allen Beteiligten der Schulfamilie und hoffen, dass wir hierdurch unsere Partnerschaft weiter intensivieren und ausbauen konnten. Wir freuen uns schon jetzt auf das n\u00e4chste Projekt!<\/p>\n<p>Und bei den anwesenden G\u00e4sten hoffen wir auf ein baldiges Wiedersehen!<\/p>\n<p>[\/vc_column_text][\/vc_column][\/vc_row][vc_row][vc_column width=&#8220;1\/1&#8243;][vc_gallery type=&#8220;image_grid&#8220; interval=&#8220;3&#8243; images=&#8220;4325,4337,4331,4335,4323,4324,4338,4326,4327,4336,4330,4329,4333,4334,4332,4328,4339,4322&#8243; onclick=&#8220;link_image&#8220; custom_links_target=&#8220;_self&#8220;][\/vc_column][\/vc_row]<\/p>\n","protected":false},"excerpt":{"rendered":"<p>[vc_row][vc_column width=&#8220;1\/1&#8243;][vc_column_text]An diesem Samstag fand wieder einmal unser Tag der offenen T\u00fcr statt. Insbesondere Eltern von Kindern, welche in einem Jahr in die 1. Klasse gehen werden, waren vor Ort, um sich einen Eindruck zu verschaffen. Neben unseren gro\u00dfen Projekten wie &#8222;Sinus&#8220; (Mathematik), &#8222;TuWas&#8220; (Naturwissenschaften) und &#8222;Schule ohne Rassismus &#8211; Schule mit Courage&#8220; gab es&hellip;&nbsp;<a href=\"https:\/\/katharina-heinroth-grundschule.de\/pl\/2017\/09\/22\/4313\/\" rel=\"bookmark\">Dowiedz si\u0119 wi\u0119cej &raquo;<span class=\"screen-reader-text\">Tag der offenen T\u00fcr<\/span><\/a><\/p>\n","protected":false},"author":1,"featured_media":0,"comment_status":"closed","ping_status":"open","sticky":false,"template":"","format":"standard","meta":{"neve_meta_sidebar":"","neve_meta_container":"","neve_meta_enable_content_width":"","neve_meta_content_width":0,"neve_meta_title_alignment":"","neve_meta_author_avatar":"","neve_post_elements_order":"","neve_meta_disable_header":"","neve_meta_disable_footer":"","neve_meta_disable_title":"","footnotes":""},"categories":[1],"tags":[],"class_list":["post-4313","post","type-post","status-publish","format-standard","hentry","category-uncategorized"],"jetpack_featured_media_url":"","_links":{"self":[{"href":"https:\/\/katharina-heinroth-grundschule.de\/pl\/wp-json\/wp\/v2\/posts\/4313","targetHints":{"allow":["GET"]}}],"collection":[{"href":"https:\/\/katharina-heinroth-grundschule.de\/pl\/wp-json\/wp\/v2\/posts"}],"about":[{"href":"https:\/\/katharina-heinroth-grundschule.de\/pl\/wp-json\/wp\/v2\/types\/post"}],"author":[{"embeddable":true,"href":"https:\/\/katharina-heinroth-grundschule.de\/pl\/wp-json\/wp\/v2\/users\/1"}],"replies":[{"embeddable":true,"href":"https:\/\/katharina-heinroth-grundschule.de\/pl\/wp-json\/wp\/v2\/comments?post=4313"}],"version-history":[{"count":0,"href":"https:\/\/katharina-heinroth-grundschule.de\/pl\/wp-json\/wp\/v2\/posts\/4313\/revisions"}],"wp:attachment":[{"href":"https:\/\/katharina-heinroth-grundschule.de\/pl\/wp-json\/wp\/v2\/media?parent=4313"}],"wp:term":[{"taxonomy":"category","embeddable":true,"href":"https:\/\/katharina-heinroth-grundschule.de\/pl\/wp-json\/wp\/v2\/categories?post=4313"},{"taxonomy":"post_tag","embeddable":true,"href":"https:\/\/katharina-heinroth-grundschule.de\/pl\/wp-json\/wp\/v2\/tags?post=4313"}],"curies":[{"name":"wp","href":"https:\/\/api.w.org\/{rel}","templated":true}]}}