{"id":4382,"date":"2017-10-20T11:47:47","date_gmt":"2017-10-20T09:47:47","guid":{"rendered":"https:\/\/katharina-heinroth-grundschule.de\/?p=4382"},"modified":"2017-10-20T11:47:47","modified_gmt":"2017-10-20T09:47:47","slug":"besuch-der-internationalen-gartenausstellung","status":"publish","type":"post","link":"https:\/\/katharina-heinroth-grundschule.de\/pl\/2017\/10\/20\/besuch-der-internationalen-gartenausstellung\/","title":{"rendered":"Wizyta na Mi\u0119dzynarodowej Wystawie Ogrodniczej"},"content":{"rendered":"<p>[vc_row][vc_column width=&#8220;1\/1&#8243;][vc_column_text]<\/p>\n<p>Bevor die Tore wieder schlossen, war die Klasse 5c noch auf der Internationalen Gartenausstellung (IGA) in Marzahn. Dort konnten sie nicht nur die verschiedenen eindrucksvollen Gartenanlagen und Pflanzen bestaunen, sondern ebenso einen Kurs belegen. &#8222;Balance finden: stressfrei in der Schule&#8220; diente den Sch\u00fclerinnen und Sch\u00fcler, Verhaltensstrategien zu entwickeln, um sich den Schulalltag f\u00fcr sich und andere angenehmer zu machen.<\/p>\n<p>[\/vc_column_text][\/vc_column][\/vc_row][vc_row][vc_column width=&#8220;1\/1&#8243;][vc_gallery type=&#8220;image_grid&#8220; interval=&#8220;3&#8243; images=&#8220;4388,4385,4387,4386,4383&#8243; onclick=&#8220;link_image&#8220; custom_links_target=&#8220;_self&#8220;][\/vc_column][\/vc_row]<\/p>\n","protected":false},"excerpt":{"rendered":"<p>[vc_row][vc_column width=&#8220;1\/1&#8243;][vc_column_text] Bevor die Tore wieder schlossen, war die Klasse 5c noch auf der Internationalen Gartenausstellung (IGA) in Marzahn. Dort konnten sie nicht nur die verschiedenen eindrucksvollen Gartenanlagen und Pflanzen bestaunen, sondern ebenso einen Kurs belegen. &#8222;Balance finden: stressfrei in der Schule&#8220; diente den Sch\u00fclerinnen und Sch\u00fcler, Verhaltensstrategien zu entwickeln, um sich den Schulalltag f\u00fcr&hellip;&nbsp;<a href=\"https:\/\/katharina-heinroth-grundschule.de\/pl\/2017\/10\/20\/besuch-der-internationalen-gartenausstellung\/\" rel=\"bookmark\">Dowiedz si\u0119 wi\u0119cej &raquo;<span class=\"screen-reader-text\">Besuch der Internationalen Gartenausstellung<\/span><\/a><\/p>\n","protected":false},"author":1,"featured_media":0,"comment_status":"closed","ping_status":"open","sticky":false,"template":"","format":"standard","meta":{"neve_meta_sidebar":"","neve_meta_container":"","neve_meta_enable_content_width":"","neve_meta_content_width":0,"neve_meta_title_alignment":"","neve_meta_author_avatar":"","neve_post_elements_order":"","neve_meta_disable_header":"","neve_meta_disable_footer":"","neve_meta_disable_title":"","footnotes":""},"categories":[1],"tags":[],"class_list":["post-4382","post","type-post","status-publish","format-standard","hentry","category-uncategorized"],"jetpack_featured_media_url":"","_links":{"self":[{"href":"https:\/\/katharina-heinroth-grundschule.de\/pl\/wp-json\/wp\/v2\/posts\/4382","targetHints":{"allow":["GET"]}}],"collection":[{"href":"https:\/\/katharina-heinroth-grundschule.de\/pl\/wp-json\/wp\/v2\/posts"}],"about":[{"href":"https:\/\/katharina-heinroth-grundschule.de\/pl\/wp-json\/wp\/v2\/types\/post"}],"author":[{"embeddable":true,"href":"https:\/\/katharina-heinroth-grundschule.de\/pl\/wp-json\/wp\/v2\/users\/1"}],"replies":[{"embeddable":true,"href":"https:\/\/katharina-heinroth-grundschule.de\/pl\/wp-json\/wp\/v2\/comments?post=4382"}],"version-history":[{"count":0,"href":"https:\/\/katharina-heinroth-grundschule.de\/pl\/wp-json\/wp\/v2\/posts\/4382\/revisions"}],"wp:attachment":[{"href":"https:\/\/katharina-heinroth-grundschule.de\/pl\/wp-json\/wp\/v2\/media?parent=4382"}],"wp:term":[{"taxonomy":"category","embeddable":true,"href":"https:\/\/katharina-heinroth-grundschule.de\/pl\/wp-json\/wp\/v2\/categories?post=4382"},{"taxonomy":"post_tag","embeddable":true,"href":"https:\/\/katharina-heinroth-grundschule.de\/pl\/wp-json\/wp\/v2\/tags?post=4382"}],"curies":[{"name":"wp","href":"https:\/\/api.w.org\/{rel}","templated":true}]}}