{"id":4415,"date":"2017-11-24T09:06:27","date_gmt":"2017-11-24T08:06:27","guid":{"rendered":"https:\/\/katharina-heinroth-grundschule.de\/?p=4415"},"modified":"2017-11-24T09:06:27","modified_gmt":"2017-11-24T08:06:27","slug":"vorlesetag-2017","status":"publish","type":"post","link":"https:\/\/katharina-heinroth-grundschule.de\/pl\/2017\/11\/24\/vorlesetag-2017\/","title":{"rendered":"Dzie\u0144 g\u0142o\u015bnego czytania 2017"},"content":{"rendered":"<p>[vc_row][vc_column width=&#8220;1\/1&#8243;][vc_column_text]<\/p>\n<p>Die G\u00e4ste des diesj\u00e4hrigen Vorlesetages waren die amerikanische Buchautorin Holly-Jane Rahlens sowie die ehemalige Lehrerin Janina G\u00f6stas. W\u00e4hrend Rahlens aus ihrem Werk &#8222;Das Bl\u00e4tterrauschen&#8220; Kindern aus der 5. Klasse vorlas, richtete sich G\u00f6stas mit polnischen M\u00e4rchen an die dritten und vierten Klassen der Europaschule. Auch Sch\u00fclerinnen und Sch\u00fcler der Robert-Jungk-Oberschule waren im Einsatz und lasen in mehreren Klassen und Jahrgangsstufen Kurzgeschichten und M\u00e4rchen vor. Selbst unsere Sch\u00fcler aus den 5. und 6. Jahrg\u00e4ngen durften jeweils eine Stunde J\u00fcngeren vorlesen. Dabei war es immer auch Aufgabe, Fragen zum Text zu beantworten und anschlie\u00dfend ein Bild zur Geschichte zu malen.<\/p>\n<p>[\/vc_column_text][\/vc_column][\/vc_row][vc_row][vc_column width=&#8220;1\/1&#8243;][vc_gallery type=&#8220;image_grid&#8220; interval=&#8220;3&#8243; onclick=&#8220;link_image&#8220; custom_links_target=&#8220;_self&#8220; images=&#8220;4421,4420,4419,4426,4430,4424,4425,4432,4423,4422,4427,4431,4428,4433&#8243;][\/vc_column][\/vc_row]<\/p>\n","protected":false},"excerpt":{"rendered":"<p>[vc_row][vc_column width=&#8220;1\/1&#8243;][vc_column_text] Die G\u00e4ste des diesj\u00e4hrigen Vorlesetages waren die amerikanische Buchautorin Holly-Jane Rahlens sowie die ehemalige Lehrerin Janina G\u00f6stas. W\u00e4hrend Rahlens aus ihrem Werk &#8222;Das Bl\u00e4tterrauschen&#8220; Kindern aus der 5. Klasse vorlas, richtete sich G\u00f6stas mit polnischen M\u00e4rchen an die dritten und vierten Klassen der Europaschule. Auch Sch\u00fclerinnen und Sch\u00fcler der Robert-Jungk-Oberschule waren im Einsatz&hellip;&nbsp;<a href=\"https:\/\/katharina-heinroth-grundschule.de\/pl\/2017\/11\/24\/vorlesetag-2017\/\" rel=\"bookmark\">Dowiedz si\u0119 wi\u0119cej &raquo;<span class=\"screen-reader-text\">Vorlesetag 2017<\/span><\/a><\/p>\n","protected":false},"author":1,"featured_media":0,"comment_status":"closed","ping_status":"open","sticky":false,"template":"","format":"standard","meta":{"neve_meta_sidebar":"","neve_meta_container":"","neve_meta_enable_content_width":"","neve_meta_content_width":0,"neve_meta_title_alignment":"","neve_meta_author_avatar":"","neve_post_elements_order":"","neve_meta_disable_header":"","neve_meta_disable_footer":"","neve_meta_disable_title":"","footnotes":""},"categories":[1],"tags":[],"class_list":["post-4415","post","type-post","status-publish","format-standard","hentry","category-uncategorized"],"jetpack_featured_media_url":"","_links":{"self":[{"href":"https:\/\/katharina-heinroth-grundschule.de\/pl\/wp-json\/wp\/v2\/posts\/4415","targetHints":{"allow":["GET"]}}],"collection":[{"href":"https:\/\/katharina-heinroth-grundschule.de\/pl\/wp-json\/wp\/v2\/posts"}],"about":[{"href":"https:\/\/katharina-heinroth-grundschule.de\/pl\/wp-json\/wp\/v2\/types\/post"}],"author":[{"embeddable":true,"href":"https:\/\/katharina-heinroth-grundschule.de\/pl\/wp-json\/wp\/v2\/users\/1"}],"replies":[{"embeddable":true,"href":"https:\/\/katharina-heinroth-grundschule.de\/pl\/wp-json\/wp\/v2\/comments?post=4415"}],"version-history":[{"count":0,"href":"https:\/\/katharina-heinroth-grundschule.de\/pl\/wp-json\/wp\/v2\/posts\/4415\/revisions"}],"wp:attachment":[{"href":"https:\/\/katharina-heinroth-grundschule.de\/pl\/wp-json\/wp\/v2\/media?parent=4415"}],"wp:term":[{"taxonomy":"category","embeddable":true,"href":"https:\/\/katharina-heinroth-grundschule.de\/pl\/wp-json\/wp\/v2\/categories?post=4415"},{"taxonomy":"post_tag","embeddable":true,"href":"https:\/\/katharina-heinroth-grundschule.de\/pl\/wp-json\/wp\/v2\/tags?post=4415"}],"curies":[{"name":"wp","href":"https:\/\/api.w.org\/{rel}","templated":true}]}}