{"id":4477,"date":"2018-01-03T13:35:24","date_gmt":"2018-01-03T12:35:24","guid":{"rendered":"https:\/\/katharina-heinroth-grundschule.de\/?p=4477"},"modified":"2018-01-03T13:35:24","modified_gmt":"2018-01-03T12:35:24","slug":"schuldisco","status":"publish","type":"post","link":"https:\/\/katharina-heinroth-grundschule.de\/pl\/2018\/01\/03\/schuldisco\/","title":{"rendered":"Dyskoteka szkolna"},"content":{"rendered":"<p>[vc_row][vc_column width=&#8220;1\/1&#8243;][vc_column_text]<\/p>\n<p>Bereits im November fand erneut eine Schuldisco statt. Unter der Federf\u00fchrung von Frau Scholz-Magrel war es den Sch\u00fclerinnen und Sch\u00fclern der \u00e4lteren Jahrgangsstufen m\u00f6glich, eine Disco f\u00fcr Kinder zu erleben. Dabei konnte zu Musik in der Aula getanzt werden.\u00a0 F\u00fcr Speis und Trank war ebenso gesorgt. Viele der Kleinen trauten sich zun\u00e4chst etwas versch\u00e4mt nicht, hatten danach aber dennoch gro\u00dfen Spa\u00df. Auch im n\u00e4chsten Halbjahr soll wieder eine solche Veranstaltung stattfinden und wir freuen uns bereits darauf.<\/p>\n<p>[\/vc_column_text][\/vc_column][\/vc_row][vc_row][vc_column width=&#8220;1\/1&#8243;][vc_gallery type=&#8220;image_grid&#8220; interval=&#8220;3&#8243; onclick=&#8220;link_image&#8220; custom_links_target=&#8220;_self&#8220; images=&#8220;4483,4481,4478,4479,4480&#8243;][\/vc_column][\/vc_row]<\/p>\n","protected":false},"excerpt":{"rendered":"<p>[vc_row][vc_column width=&#8220;1\/1&#8243;][vc_column_text] Bereits im November fand erneut eine Schuldisco statt. Unter der Federf\u00fchrung von Frau Scholz-Magrel war es den Sch\u00fclerinnen und Sch\u00fclern der \u00e4lteren Jahrgangsstufen m\u00f6glich, eine Disco f\u00fcr Kinder zu erleben. Dabei konnte zu Musik in der Aula getanzt werden.\u00a0 F\u00fcr Speis und Trank war ebenso gesorgt. Viele der Kleinen trauten sich zun\u00e4chst etwas&hellip;&nbsp;<a href=\"https:\/\/katharina-heinroth-grundschule.de\/pl\/2018\/01\/03\/schuldisco\/\" rel=\"bookmark\">Dowiedz si\u0119 wi\u0119cej &raquo;<span class=\"screen-reader-text\">Schuldisco<\/span><\/a><\/p>\n","protected":false},"author":1,"featured_media":0,"comment_status":"closed","ping_status":"open","sticky":false,"template":"","format":"standard","meta":{"neve_meta_sidebar":"","neve_meta_container":"","neve_meta_enable_content_width":"","neve_meta_content_width":0,"neve_meta_title_alignment":"","neve_meta_author_avatar":"","neve_post_elements_order":"","neve_meta_disable_header":"","neve_meta_disable_footer":"","neve_meta_disable_title":"","footnotes":""},"categories":[1],"tags":[],"class_list":["post-4477","post","type-post","status-publish","format-standard","hentry","category-uncategorized"],"jetpack_featured_media_url":"","_links":{"self":[{"href":"https:\/\/katharina-heinroth-grundschule.de\/pl\/wp-json\/wp\/v2\/posts\/4477","targetHints":{"allow":["GET"]}}],"collection":[{"href":"https:\/\/katharina-heinroth-grundschule.de\/pl\/wp-json\/wp\/v2\/posts"}],"about":[{"href":"https:\/\/katharina-heinroth-grundschule.de\/pl\/wp-json\/wp\/v2\/types\/post"}],"author":[{"embeddable":true,"href":"https:\/\/katharina-heinroth-grundschule.de\/pl\/wp-json\/wp\/v2\/users\/1"}],"replies":[{"embeddable":true,"href":"https:\/\/katharina-heinroth-grundschule.de\/pl\/wp-json\/wp\/v2\/comments?post=4477"}],"version-history":[{"count":0,"href":"https:\/\/katharina-heinroth-grundschule.de\/pl\/wp-json\/wp\/v2\/posts\/4477\/revisions"}],"wp:attachment":[{"href":"https:\/\/katharina-heinroth-grundschule.de\/pl\/wp-json\/wp\/v2\/media?parent=4477"}],"wp:term":[{"taxonomy":"category","embeddable":true,"href":"https:\/\/katharina-heinroth-grundschule.de\/pl\/wp-json\/wp\/v2\/categories?post=4477"},{"taxonomy":"post_tag","embeddable":true,"href":"https:\/\/katharina-heinroth-grundschule.de\/pl\/wp-json\/wp\/v2\/tags?post=4477"}],"curies":[{"name":"wp","href":"https:\/\/api.w.org\/{rel}","templated":true}]}}