{"id":4486,"date":"2017-12-15T15:32:57","date_gmt":"2017-12-15T14:32:57","guid":{"rendered":"https:\/\/katharina-heinroth-grundschule.de\/?p=4486"},"modified":"2017-12-15T15:32:57","modified_gmt":"2017-12-15T14:32:57","slug":"vorweihnachtszeit-basteln-und-konzert","status":"publish","type":"post","link":"https:\/\/katharina-heinroth-grundschule.de\/pl\/2017\/12\/15\/vorweihnachtszeit-basteln-und-konzert\/","title":{"rendered":"Okres przed\u015bwi\u0105teczny - r\u0119kodzie\u0142o i koncert"},"content":{"rendered":"<p>[vc_row][vc_column width=&#8220;1\/1&#8243;][vc_column_text]Am Donnerstag feierten wir den H\u00f6hepunkt unserer Schule in der Vorweihnachtszeit. Die Sch\u00fclerinnen und Sch\u00fcler durften Basteln und sp\u00e4ter auf der B\u00fchne auftreten. Zuvor sollten sie hingegen die unterschiedlichen Bastelangebote vorbereiten und aufbauen. Anschlie\u00dfend sammelte sich die gesamte Schulfamilie im Treppenhaus vor der Aula und sang gemeinsam &#8222;In der Weihnachtsb\u00e4ckerei&#8220;, &#8222;<span class=\"song\">Przybie\u017celi do Betlejem&#8220; sowie &#8222;We wish you a merry Christmas&#8220;. Danach ging es los mit dem Basteln und Bewegen. Es entstanden Zimtsterne, Kerzengl\u00e4ser, Schl\u00fcsselanh\u00e4nger und Weihnachtskarten etc. F\u00fcr Essen und Trinken war durch den fantastischen F\u00f6rderverein gesorgt. Nach knapp zwei Stunden musste aufger\u00e4umt werden, denn es begann das Weihnachtskonzert. Vor knapp 300 G\u00e4sten hatten die Kleinen gro\u00dfe Auftritte. Es gab neben klassischen Weihnachtsliedern auch ein auf Englisch vorgetragenes Schauspiel sowie einen Ziehharmonikavortrag. Zum Abschluss sangen alle gemeinsam &#8222;Stille Nacht, heilige Nacht&#8220; auf Deutsch, Polnisch und Englisch.<br \/>\n<\/span><\/p>\n<p>&nbsp;<\/p>\n<p>Wir bedanken uns als Schule ganz herzlich bei allen Beteiligten, insbesondere den helfenden Eltern, dem F\u00f6rderverein sowie Frau Jankowska, die das B\u00fchnenbild gestaltet hat.<\/p>\n<p>[\/vc_column_text][\/vc_column][vc_column][vc_row_inner][vc_column_inner width=&#8220;1\/1&#8243;][vc_empty_space height=&#8220;32px&#8220;][\/vc_column_inner][\/vc_row_inner][vc_column_text][\/vc_column][\/vc_row][vc_row][vc_column width=&#8220;1\/1&#8243;][vc_gallery type=&#8220;image_grid&#8220; onclick=&#8220;link_image&#8220; custom_links_target=&#8220;_self&#8220; interval=&#8220;3&#8243; images=&#8220;4488,4489,4493,4496,4494,4495,4498,4499,4506,4500,4516,4502,4504,4501,4505,4492,4507,4508,4490,4503,4510,4511,4497,4512,4513,4514,4491,4515,4517,4518,4519,4520,4487,4521,4522,4523,4524,4525,4526,4527&#8243;][\/vc_column][\/vc_row][vc_row][vc_column width=&#8220;1\/1&#8243;]<br \/>\n[\/vc_column][\/vc_row]<\/p>\n","protected":false},"excerpt":{"rendered":"<p>[vc_row][vc_column width=&#8220;1\/1&#8243;][vc_column_text]Am Donnerstag feierten wir den H\u00f6hepunkt unserer Schule in der Vorweihnachtszeit. Die Sch\u00fclerinnen und Sch\u00fcler durften Basteln und sp\u00e4ter auf der B\u00fchne auftreten. Zuvor sollten sie hingegen die unterschiedlichen Bastelangebote vorbereiten und aufbauen. Anschlie\u00dfend sammelte sich die gesamte Schulfamilie im Treppenhaus vor der Aula und sang gemeinsam &#8222;In der Weihnachtsb\u00e4ckerei&#8220;, &#8222;Przybie\u017celi do Betlejem&#8220; sowie&hellip;&nbsp;<a href=\"https:\/\/katharina-heinroth-grundschule.de\/pl\/2017\/12\/15\/vorweihnachtszeit-basteln-und-konzert\/\" rel=\"bookmark\">Dowiedz si\u0119 wi\u0119cej &raquo;<span class=\"screen-reader-text\">Vorweihnachtszeit &#8211; Basteln und Konzert<\/span><\/a><\/p>\n","protected":false},"author":1,"featured_media":0,"comment_status":"closed","ping_status":"open","sticky":false,"template":"","format":"standard","meta":{"neve_meta_sidebar":"","neve_meta_container":"","neve_meta_enable_content_width":"","neve_meta_content_width":0,"neve_meta_title_alignment":"","neve_meta_author_avatar":"","neve_post_elements_order":"","neve_meta_disable_header":"","neve_meta_disable_footer":"","neve_meta_disable_title":"","footnotes":""},"categories":[1],"tags":[],"class_list":["post-4486","post","type-post","status-publish","format-standard","hentry","category-uncategorized"],"jetpack_featured_media_url":"","_links":{"self":[{"href":"https:\/\/katharina-heinroth-grundschule.de\/pl\/wp-json\/wp\/v2\/posts\/4486","targetHints":{"allow":["GET"]}}],"collection":[{"href":"https:\/\/katharina-heinroth-grundschule.de\/pl\/wp-json\/wp\/v2\/posts"}],"about":[{"href":"https:\/\/katharina-heinroth-grundschule.de\/pl\/wp-json\/wp\/v2\/types\/post"}],"author":[{"embeddable":true,"href":"https:\/\/katharina-heinroth-grundschule.de\/pl\/wp-json\/wp\/v2\/users\/1"}],"replies":[{"embeddable":true,"href":"https:\/\/katharina-heinroth-grundschule.de\/pl\/wp-json\/wp\/v2\/comments?post=4486"}],"version-history":[{"count":0,"href":"https:\/\/katharina-heinroth-grundschule.de\/pl\/wp-json\/wp\/v2\/posts\/4486\/revisions"}],"wp:attachment":[{"href":"https:\/\/katharina-heinroth-grundschule.de\/pl\/wp-json\/wp\/v2\/media?parent=4486"}],"wp:term":[{"taxonomy":"category","embeddable":true,"href":"https:\/\/katharina-heinroth-grundschule.de\/pl\/wp-json\/wp\/v2\/categories?post=4486"},{"taxonomy":"post_tag","embeddable":true,"href":"https:\/\/katharina-heinroth-grundschule.de\/pl\/wp-json\/wp\/v2\/tags?post=4486"}],"curies":[{"name":"wp","href":"https:\/\/api.w.org\/{rel}","templated":true}]}}