{"id":4603,"date":"2018-02-14T14:11:59","date_gmt":"2018-02-14T13:11:59","guid":{"rendered":"https:\/\/katharina-heinroth-grundschule.de\/?p=4603"},"modified":"2018-02-14T14:11:59","modified_gmt":"2018-02-14T13:11:59","slug":"kulturtag","status":"publish","type":"post","link":"https:\/\/katharina-heinroth-grundschule.de\/pl\/2018\/02\/14\/kulturtag\/","title":{"rendered":"Dzie\u0144 kultury"},"content":{"rendered":"<p>[vc_row][vc_column width=&#8220;1\/1&#8243;][vc_column_text]<\/p>\n<p>Noch vor den Winterferien waren unsere Sch\u00fclerinnen und Sch\u00fcler im Rahmen des Kulturtags in ganz Berlin unterwegs. Sie konnten beispielsweise das Technikmuseum besuchen, die Legowelt entdecken, im Kino einen Film ansehen oder aber an W\u00e4nden klettern. Den Kindern machen diese Aktivit\u00e4ten jedenfalls eine Menge Spa\u00df und heben sich doch deutlich vom schulischen Alltag ab. Teilweise lernen wir Lehrkr\u00e4fte auch ganz neue Seiten und Interessenlagen an unseren Sch\u00fclerinnen und Sch\u00fclern kennen und sch\u00e4tzen. In diesem Sinne freuen wir uns jetzt schon auf die kommenden Ausfl\u00fcge.<\/p>\n<p>[\/vc_column_text][\/vc_column][\/vc_row][vc_row][vc_column width=&#8220;1\/1&#8243;][vc_gallery type=&#8220;image_grid&#8220; interval=&#8220;3&#8243; onclick=&#8220;link_image&#8220; custom_links_target=&#8220;_self&#8220; images=&#8220;4604,4606,4625,4615,4613,4621,4619,4617,4607,4624,4609,4614,4610,4622,4611,4608,4623,4620,4612,4616,4605,4618&#8243;][\/vc_column][\/vc_row]<\/p>\n","protected":false},"excerpt":{"rendered":"<p>[vc_row][vc_column width=&#8220;1\/1&#8243;][vc_column_text] Noch vor den Winterferien waren unsere Sch\u00fclerinnen und Sch\u00fcler im Rahmen des Kulturtags in ganz Berlin unterwegs. Sie konnten beispielsweise das Technikmuseum besuchen, die Legowelt entdecken, im Kino einen Film ansehen oder aber an W\u00e4nden klettern. Den Kindern machen diese Aktivit\u00e4ten jedenfalls eine Menge Spa\u00df und heben sich doch deutlich vom schulischen Alltag&hellip;&nbsp;<a href=\"https:\/\/katharina-heinroth-grundschule.de\/pl\/2018\/02\/14\/kulturtag\/\" rel=\"bookmark\">Dowiedz si\u0119 wi\u0119cej &raquo;<span class=\"screen-reader-text\">Kulturtag<\/span><\/a><\/p>\n","protected":false},"author":1,"featured_media":0,"comment_status":"closed","ping_status":"open","sticky":false,"template":"","format":"standard","meta":{"neve_meta_sidebar":"","neve_meta_container":"","neve_meta_enable_content_width":"","neve_meta_content_width":0,"neve_meta_title_alignment":"","neve_meta_author_avatar":"","neve_post_elements_order":"","neve_meta_disable_header":"","neve_meta_disable_footer":"","neve_meta_disable_title":"","footnotes":""},"categories":[1],"tags":[],"class_list":["post-4603","post","type-post","status-publish","format-standard","hentry","category-uncategorized"],"jetpack_featured_media_url":"","_links":{"self":[{"href":"https:\/\/katharina-heinroth-grundschule.de\/pl\/wp-json\/wp\/v2\/posts\/4603","targetHints":{"allow":["GET"]}}],"collection":[{"href":"https:\/\/katharina-heinroth-grundschule.de\/pl\/wp-json\/wp\/v2\/posts"}],"about":[{"href":"https:\/\/katharina-heinroth-grundschule.de\/pl\/wp-json\/wp\/v2\/types\/post"}],"author":[{"embeddable":true,"href":"https:\/\/katharina-heinroth-grundschule.de\/pl\/wp-json\/wp\/v2\/users\/1"}],"replies":[{"embeddable":true,"href":"https:\/\/katharina-heinroth-grundschule.de\/pl\/wp-json\/wp\/v2\/comments?post=4603"}],"version-history":[{"count":0,"href":"https:\/\/katharina-heinroth-grundschule.de\/pl\/wp-json\/wp\/v2\/posts\/4603\/revisions"}],"wp:attachment":[{"href":"https:\/\/katharina-heinroth-grundschule.de\/pl\/wp-json\/wp\/v2\/media?parent=4603"}],"wp:term":[{"taxonomy":"category","embeddable":true,"href":"https:\/\/katharina-heinroth-grundschule.de\/pl\/wp-json\/wp\/v2\/categories?post=4603"},{"taxonomy":"post_tag","embeddable":true,"href":"https:\/\/katharina-heinroth-grundschule.de\/pl\/wp-json\/wp\/v2\/tags?post=4603"}],"curies":[{"name":"wp","href":"https:\/\/api.w.org\/{rel}","templated":true}]}}