{"id":4627,"date":"2018-02-16T12:25:55","date_gmt":"2018-02-16T11:25:55","guid":{"rendered":"https:\/\/katharina-heinroth-grundschule.de\/?p=4627"},"modified":"2018-02-16T12:25:55","modified_gmt":"2018-02-16T11:25:55","slug":"fasching-2018","status":"publish","type":"post","link":"https:\/\/katharina-heinroth-grundschule.de\/pl\/2018\/02\/16\/fasching-2018\/","title":{"rendered":"Karnawa\u0142 2018"},"content":{"rendered":"<p>[vc_row][vc_column width=&#8220;1\/1&#8243;][vc_column_text]<\/p>\n<p>Erneut haben wir den Faschingsdienstag zum Anlass genommen, ein angemessenes Fest mit Verkleidung, Spiel und Spa\u00df anzubieten. Die Sch\u00fclerinnen und Sch\u00fcler konnten demnach verkleidet in die Schule kommen, viele waren als Prinzessin, Polizist, Roboter, Teufel oder Jedi-Ritter gekommen. Bevor es jedoch in die gro\u00dfe Aula zum Tanzen ging, gab es in jeder Klasse ein eigenes Faschingsprogramm. Viele Klassen richteten ein Fr\u00fchst\u00fcck aus, um anschlie\u00dfend Spiele zu spielen. Dann endlich begann die gro\u00dfe Polonaise durch das Schulhaus, bis es schlussendlich in die Aula ging, um dort zu Tanzen. Unsere rheinische Frohnatur Frau Piepenburg heizte dort die Stimmung mit Faschingsklassikern ein und den Kindern gefiel es doch sehr, sich wild zu bewegen. Am Ende ging es dann wieder in die Klassenzimmer, um noch ein wenig aufzur\u00e4umen und sich zu verabschieden.<\/p>\n<p>[\/vc_column_text][\/vc_column][\/vc_row][vc_row][vc_column width=&#8220;1\/1&#8243;][vc_gallery type=&#8220;image_grid&#8220; interval=&#8220;3&#8243; images=&#8220;4642,4629,4645,4630,4644,4628,4631,4632,4633,4641,4634,4635,4636,4637,4638,4639,4640&#8243; onclick=&#8220;link_image&#8220; custom_links_target=&#8220;_self&#8220;][\/vc_column][\/vc_row]<\/p>\n","protected":false},"excerpt":{"rendered":"<p>[vc_row][vc_column width=&#8220;1\/1&#8243;][vc_column_text] Erneut haben wir den Faschingsdienstag zum Anlass genommen, ein angemessenes Fest mit Verkleidung, Spiel und Spa\u00df anzubieten. Die Sch\u00fclerinnen und Sch\u00fcler konnten demnach verkleidet in die Schule kommen, viele waren als Prinzessin, Polizist, Roboter, Teufel oder Jedi-Ritter gekommen. Bevor es jedoch in die gro\u00dfe Aula zum Tanzen ging, gab es in jeder Klasse&hellip;&nbsp;<a href=\"https:\/\/katharina-heinroth-grundschule.de\/pl\/2018\/02\/16\/fasching-2018\/\" rel=\"bookmark\">Dowiedz si\u0119 wi\u0119cej &raquo;<span class=\"screen-reader-text\">Fasching 2018<\/span><\/a><\/p>\n","protected":false},"author":1,"featured_media":0,"comment_status":"closed","ping_status":"open","sticky":false,"template":"","format":"standard","meta":{"neve_meta_sidebar":"","neve_meta_container":"","neve_meta_enable_content_width":"","neve_meta_content_width":0,"neve_meta_title_alignment":"","neve_meta_author_avatar":"","neve_post_elements_order":"","neve_meta_disable_header":"","neve_meta_disable_footer":"","neve_meta_disable_title":"","footnotes":""},"categories":[1],"tags":[],"class_list":["post-4627","post","type-post","status-publish","format-standard","hentry","category-uncategorized"],"jetpack_featured_media_url":"","_links":{"self":[{"href":"https:\/\/katharina-heinroth-grundschule.de\/pl\/wp-json\/wp\/v2\/posts\/4627","targetHints":{"allow":["GET"]}}],"collection":[{"href":"https:\/\/katharina-heinroth-grundschule.de\/pl\/wp-json\/wp\/v2\/posts"}],"about":[{"href":"https:\/\/katharina-heinroth-grundschule.de\/pl\/wp-json\/wp\/v2\/types\/post"}],"author":[{"embeddable":true,"href":"https:\/\/katharina-heinroth-grundschule.de\/pl\/wp-json\/wp\/v2\/users\/1"}],"replies":[{"embeddable":true,"href":"https:\/\/katharina-heinroth-grundschule.de\/pl\/wp-json\/wp\/v2\/comments?post=4627"}],"version-history":[{"count":0,"href":"https:\/\/katharina-heinroth-grundschule.de\/pl\/wp-json\/wp\/v2\/posts\/4627\/revisions"}],"wp:attachment":[{"href":"https:\/\/katharina-heinroth-grundschule.de\/pl\/wp-json\/wp\/v2\/media?parent=4627"}],"wp:term":[{"taxonomy":"category","embeddable":true,"href":"https:\/\/katharina-heinroth-grundschule.de\/pl\/wp-json\/wp\/v2\/categories?post=4627"},{"taxonomy":"post_tag","embeddable":true,"href":"https:\/\/katharina-heinroth-grundschule.de\/pl\/wp-json\/wp\/v2\/tags?post=4627"}],"curies":[{"name":"wp","href":"https:\/\/api.w.org\/{rel}","templated":true}]}}