{"id":4650,"date":"2018-02-28T13:10:15","date_gmt":"2018-02-28T12:10:15","guid":{"rendered":"https:\/\/katharina-heinroth-grundschule.de\/?p=4650"},"modified":"2018-02-28T13:10:15","modified_gmt":"2018-02-28T12:10:15","slug":"2-platz-bei-drumbocup-zwischenrunde","status":"publish","type":"post","link":"https:\/\/katharina-heinroth-grundschule.de\/pl\/2018\/02\/28\/2-platz-bei-drumbocup-zwischenrunde\/","title":{"rendered":"2. miejsce w rundzie po\u015bredniej Drumbocup"},"content":{"rendered":"<p>[vc_row][vc_column width=&#8220;1\/1&#8243;][vc_column_text]<\/p>\n<p>Einen gro\u00dfen Erfolg konnte unsere Schulmannschaft bei der Zwischenrunde des Drumbocups erreichen. Dort landeten wir am Ende auf dem ansehnlichen zweiten Platz und qualifizierten uns dadurch f\u00fcr die Runde der 24 letzten Mannschaften. Wir mussten uns leider nach langer F\u00fchrung und einem sp\u00e4ten Ausgleich im Elfmeterschie\u00dfen geschlagen geben. Dennoch war es ein au\u00dferordentlich spannendes und erfolgreiches Erlebnis f\u00fcr unsere Sch\u00fclermannschaft sowie allen mitgereisten Fans. Immerhin waren sechs Klassen mit in die Sporthalle Charlottenburg gekommen, um das Team zu unterst\u00fctzen. Unter der Leitung von Herrn Rasner wird unsere Mannschaft dann am 15. M\u00e4rz\u00a0 in der Entscheidungsrunde versuchen, der berlinweite Meister zu werden&#8230;<\/p>\n<p>[\/vc_column_text][\/vc_column][\/vc_row][vc_row][vc_column width=&#8220;1\/1&#8243;][vc_gallery type=&#8220;image_grid&#8220; interval=&#8220;3&#8243; onclick=&#8220;link_image&#8220; custom_links_target=&#8220;_self&#8220; images=&#8220;4651,4658,4655,4652,4659,4653&#8243;][\/vc_column][\/vc_row]<\/p>\n","protected":false},"excerpt":{"rendered":"<p>[vc_row][vc_column width=&#8220;1\/1&#8243;][vc_column_text] Einen gro\u00dfen Erfolg konnte unsere Schulmannschaft bei der Zwischenrunde des Drumbocups erreichen. Dort landeten wir am Ende auf dem ansehnlichen zweiten Platz und qualifizierten uns dadurch f\u00fcr die Runde der 24 letzten Mannschaften. Wir mussten uns leider nach langer F\u00fchrung und einem sp\u00e4ten Ausgleich im Elfmeterschie\u00dfen geschlagen geben. Dennoch war es ein au\u00dferordentlich&hellip;&nbsp;<a href=\"https:\/\/katharina-heinroth-grundschule.de\/pl\/2018\/02\/28\/2-platz-bei-drumbocup-zwischenrunde\/\" rel=\"bookmark\">Dowiedz si\u0119 wi\u0119cej &raquo;<span class=\"screen-reader-text\">2. Platz bei Drumbocup Zwischenrunde<\/span><\/a><\/p>\n","protected":false},"author":1,"featured_media":0,"comment_status":"closed","ping_status":"open","sticky":false,"template":"","format":"standard","meta":{"neve_meta_sidebar":"","neve_meta_container":"","neve_meta_enable_content_width":"","neve_meta_content_width":0,"neve_meta_title_alignment":"","neve_meta_author_avatar":"","neve_post_elements_order":"","neve_meta_disable_header":"","neve_meta_disable_footer":"","neve_meta_disable_title":"","footnotes":""},"categories":[1],"tags":[],"class_list":["post-4650","post","type-post","status-publish","format-standard","hentry","category-uncategorized"],"jetpack_featured_media_url":"","_links":{"self":[{"href":"https:\/\/katharina-heinroth-grundschule.de\/pl\/wp-json\/wp\/v2\/posts\/4650","targetHints":{"allow":["GET"]}}],"collection":[{"href":"https:\/\/katharina-heinroth-grundschule.de\/pl\/wp-json\/wp\/v2\/posts"}],"about":[{"href":"https:\/\/katharina-heinroth-grundschule.de\/pl\/wp-json\/wp\/v2\/types\/post"}],"author":[{"embeddable":true,"href":"https:\/\/katharina-heinroth-grundschule.de\/pl\/wp-json\/wp\/v2\/users\/1"}],"replies":[{"embeddable":true,"href":"https:\/\/katharina-heinroth-grundschule.de\/pl\/wp-json\/wp\/v2\/comments?post=4650"}],"version-history":[{"count":0,"href":"https:\/\/katharina-heinroth-grundschule.de\/pl\/wp-json\/wp\/v2\/posts\/4650\/revisions"}],"wp:attachment":[{"href":"https:\/\/katharina-heinroth-grundschule.de\/pl\/wp-json\/wp\/v2\/media?parent=4650"}],"wp:term":[{"taxonomy":"category","embeddable":true,"href":"https:\/\/katharina-heinroth-grundschule.de\/pl\/wp-json\/wp\/v2\/categories?post=4650"},{"taxonomy":"post_tag","embeddable":true,"href":"https:\/\/katharina-heinroth-grundschule.de\/pl\/wp-json\/wp\/v2\/tags?post=4650"}],"curies":[{"name":"wp","href":"https:\/\/api.w.org\/{rel}","templated":true}]}}