{"id":5004,"date":"2018-09-21T10:17:05","date_gmt":"2018-09-21T08:17:05","guid":{"rendered":"https:\/\/katharina-heinroth-grundschule.de\/?p=5004"},"modified":"2021-08-10T16:05:46","modified_gmt":"2021-08-10T14:05:46","slug":"abenteuer-beruf-vorstellungsrunde","status":"publish","type":"post","link":"https:\/\/katharina-heinroth-grundschule.de\/pl\/2018\/09\/21\/abenteuer-beruf-vorstellungsrunde\/","title":{"rendered":"Przygoda z karier\u0105 - runda zapoznawcza"},"content":{"rendered":"<p>Z pocz\u0105tkiem roku szkolnego rusza nowa edycja naszego projektu \"Przygoda z karier\u0105\". Ten projekt doradztwa zawodowego jest w du\u017cej mierze prowadzony w naszej szkole dzi\u0119ki ogromnemu wsparciu pani Woitschack. W zwi\u0105zku z tym kilku ekspert\u00f3w z r\u00f3\u017cnych zawod\u00f3w zosta\u0142o ponownie zaproszonych do naszej szko\u0142y, aby zaprezentowa\u0107 swoj\u0105 karier\u0119. Technicy instalacji, szewcy, piel\u0119gniarki geriatryczne, monta\u017cy\u015bci filmowi, asystenci dentystyczni i architekci byli pod r\u0119k\u0105, aby da\u0107 wgl\u0105d w codzienne \u017cycie zawodowe, wymagane kwalifikacje i zadania do wykonania. W zwi\u0105zku z tym dzieci z klasy 5 mog\u0142y sp\u0119dzi\u0107 15 minut przy jednym ze sto\u0142\u00f3w eksperckich i u\u017cywa\u0107 stetoskop\u00f3w, wybiera\u0107 pr\u00f3bki kolor\u00f3w, bra\u0107 narz\u0119dzia i straci\u0107 strach przed strzykawkami. Oczywi\u015bcie zadawano r\u00f3wnie\u017c wiele pyta\u0144 i uczono si\u0119 z oryginalnego przedmiotu. W nadchodz\u0105cych tygodniach wra\u017cenia zostan\u0105 ponownie om\u00f3wione i skategoryzowane w klasie, a nast\u0119pnie odb\u0119d\u0105 si\u0119 dalsze wycieczki po firmie, w tym wizyta w ZDF.<\/p>\n<p>Chcieliby\u015bmy podzi\u0119kowa\u0107 wszystkim uczestnicz\u0105cym ekspertom zawodowym i mentorom z berli\u0144skich szk\u00f3\u0142 za ten bardzo pouczaj\u0105cy projekt!<\/p>","protected":false},"excerpt":{"rendered":"<p>Zu Beginn des Schuljahres startet auch wieder eine neue Runde unseres Projekts &#8222;Abenteuer Beruf&#8220;. Dieses berufsorientierende Projekt wird ma\u00dfgeblich durch die gro\u00dfartige Unterst\u00fctzung von Frau Woitschack an unserer Schule betrieben. Dementsprechend wurden wieder mehrere Experten unterschiedlicher Berufsbilder zu uns an die Schule eingeladen, um ihre Berufe vorzustellen. Es waren u.a. Anlagentechniker, Schuhmacher, Altenpfleger, Filmeditoren, Zahnarzthelfer&hellip;&nbsp;<a href=\"https:\/\/katharina-heinroth-grundschule.de\/pl\/2018\/09\/21\/abenteuer-beruf-vorstellungsrunde\/\" rel=\"bookmark\">Dowiedz si\u0119 wi\u0119cej \u00bb<span class=\"screen-reader-text\">Przygoda z karier\u0105 - runda zapoznawcza<\/span><\/a><\/p>","protected":false},"author":3,"featured_media":0,"comment_status":"closed","ping_status":"open","sticky":false,"template":"","format":"standard","meta":{"neve_meta_sidebar":"","neve_meta_container":"","neve_meta_enable_content_width":"","neve_meta_content_width":0,"neve_meta_title_alignment":"","neve_meta_author_avatar":"","neve_post_elements_order":"","neve_meta_disable_header":"","neve_meta_disable_footer":"","neve_meta_disable_title":"","footnotes":""},"categories":[70],"tags":[],"class_list":["post-5004","post","type-post","status-publish","format-standard","hentry","category-veranstaltungen"],"jetpack_featured_media_url":"","_links":{"self":[{"href":"https:\/\/katharina-heinroth-grundschule.de\/pl\/wp-json\/wp\/v2\/posts\/5004","targetHints":{"allow":["GET"]}}],"collection":[{"href":"https:\/\/katharina-heinroth-grundschule.de\/pl\/wp-json\/wp\/v2\/posts"}],"about":[{"href":"https:\/\/katharina-heinroth-grundschule.de\/pl\/wp-json\/wp\/v2\/types\/post"}],"author":[{"embeddable":true,"href":"https:\/\/katharina-heinroth-grundschule.de\/pl\/wp-json\/wp\/v2\/users\/3"}],"replies":[{"embeddable":true,"href":"https:\/\/katharina-heinroth-grundschule.de\/pl\/wp-json\/wp\/v2\/comments?post=5004"}],"version-history":[{"count":0,"href":"https:\/\/katharina-heinroth-grundschule.de\/pl\/wp-json\/wp\/v2\/posts\/5004\/revisions"}],"wp:attachment":[{"href":"https:\/\/katharina-heinroth-grundschule.de\/pl\/wp-json\/wp\/v2\/media?parent=5004"}],"wp:term":[{"taxonomy":"category","embeddable":true,"href":"https:\/\/katharina-heinroth-grundschule.de\/pl\/wp-json\/wp\/v2\/categories?post=5004"},{"taxonomy":"post_tag","embeddable":true,"href":"https:\/\/katharina-heinroth-grundschule.de\/pl\/wp-json\/wp\/v2\/tags?post=5004"}],"curies":[{"name":"wp","href":"https:\/\/api.w.org\/{rel}","templated":true}]}}