{"id":567,"date":"2015-01-06T09:18:27","date_gmt":"2015-01-06T08:18:27","guid":{"rendered":"https:\/\/katharina-heinroth-grundschule.de\/?p=567"},"modified":"2021-08-10T16:07:26","modified_gmt":"2021-08-10T14:07:26","slug":"neue-schraenke-fuer-das-horthaus","status":"publish","type":"post","link":"https:\/\/katharina-heinroth-grundschule.de\/pl\/2015\/01\/06\/neue-schraenke-fuer-das-horthaus\/","title":{"rendered":"Nowe szafki dla \u015bwietlicy"},"content":{"rendered":"<p>Centrum pozaszkolne otrzyma\u0142o nowe szafki na obu pi\u0119trach. Teraz ka\u017cde dziecko mo\u017ce cieszy\u0107 si\u0119 z posiadania w\u0142asnej szafki!<\/p>\n<p><a href=\"https:\/\/katharina-heinroth-grundschule.de\/wp-content\/uploads\/IMG_0263.jpg\"><img fetchpriority=\"high\" decoding=\"async\" class=\"alignnone size-medium wp-image-1254\" src=\"https:\/\/katharina-heinroth-grundschule.de\/wp-content\/uploads\/IMG_0263-300x225.jpg\" alt=\"Hortschr\u00e4nke\" width=\"300\" height=\"225\" \/><\/a>\u00a0 \u00a0 \u00a0 \u00a0 \u00a0 \u00a0 \u00a0 \u00a0 \u00a0 \u00a0 \u00a0 \u00a0 \u00a0 \u00a0 \u00a0 \u00a0 \u00a0 \u00a0 \u00a0<a href=\"https:\/\/katharina-heinroth-grundschule.de\/wp-content\/uploads\/IMG_0268.jpg\"><img decoding=\"async\" class=\"alignnone size-medium wp-image-1255\" src=\"https:\/\/katharina-heinroth-grundschule.de\/wp-content\/uploads\/IMG_0268-300x225.jpg\" alt=\"IMG_0268\" width=\"300\" height=\"225\" \/><\/a><\/p>","protected":false},"excerpt":{"rendered":"<p>Centrum pozaszkolne otrzyma\u0142o nowe szafki na obu pi\u0119trach. Teraz ka\u017cde dziecko mo\u017ce cieszy\u0107 si\u0119 z posiadania w\u0142asnej szafki! \u00a0 \u00a0 \u00a0 \u00a0 \u00a0 \u00a0 \u00a0 \u00a0 \u00a0 \u00a0 \u00a0 \u00a0 \u00a0 \u00a0 \u00a0 \u00a0 \u00a0 \u00a0 \u00a0<\/p>","protected":false},"author":3,"featured_media":0,"comment_status":"open","ping_status":"open","sticky":false,"template":"","format":"standard","meta":{"neve_meta_sidebar":"","neve_meta_container":"","neve_meta_enable_content_width":"","neve_meta_content_width":0,"neve_meta_title_alignment":"","neve_meta_author_avatar":"","neve_post_elements_order":"","neve_meta_disable_header":"","neve_meta_disable_footer":"","neve_meta_disable_title":"","footnotes":""},"categories":[1],"tags":[],"class_list":["post-567","post","type-post","status-publish","format-standard","hentry","category-uncategorized"],"jetpack_featured_media_url":"","_links":{"self":[{"href":"https:\/\/katharina-heinroth-grundschule.de\/pl\/wp-json\/wp\/v2\/posts\/567","targetHints":{"allow":["GET"]}}],"collection":[{"href":"https:\/\/katharina-heinroth-grundschule.de\/pl\/wp-json\/wp\/v2\/posts"}],"about":[{"href":"https:\/\/katharina-heinroth-grundschule.de\/pl\/wp-json\/wp\/v2\/types\/post"}],"author":[{"embeddable":true,"href":"https:\/\/katharina-heinroth-grundschule.de\/pl\/wp-json\/wp\/v2\/users\/3"}],"replies":[{"embeddable":true,"href":"https:\/\/katharina-heinroth-grundschule.de\/pl\/wp-json\/wp\/v2\/comments?post=567"}],"version-history":[{"count":0,"href":"https:\/\/katharina-heinroth-grundschule.de\/pl\/wp-json\/wp\/v2\/posts\/567\/revisions"}],"wp:attachment":[{"href":"https:\/\/katharina-heinroth-grundschule.de\/pl\/wp-json\/wp\/v2\/media?parent=567"}],"wp:term":[{"taxonomy":"category","embeddable":true,"href":"https:\/\/katharina-heinroth-grundschule.de\/pl\/wp-json\/wp\/v2\/categories?post=567"},{"taxonomy":"post_tag","embeddable":true,"href":"https:\/\/katharina-heinroth-grundschule.de\/pl\/wp-json\/wp\/v2\/tags?post=567"}],"curies":[{"name":"wp","href":"https:\/\/api.w.org\/{rel}","templated":true}]}}