{"id":577,"date":"2015-08-03T09:48:53","date_gmt":"2015-08-03T07:48:53","guid":{"rendered":"https:\/\/katharina-heinroth-grundschule.de\/?p=577"},"modified":"2021-08-10T16:07:25","modified_gmt":"2021-08-10T14:07:25","slug":"neu-seite-mit-informationen-zum-neubau-unseres-schulhofes","status":"publish","type":"post","link":"https:\/\/katharina-heinroth-grundschule.de\/pl\/2015\/08\/03\/neu-seite-mit-informationen-zum-neubau-unseres-schulhofes\/","title":{"rendered":"NOWO\u015a\u0106!!! Blog z informacjami o nowej budowie naszego szkolnego podw\u00f3rka!"},"content":{"rendered":"<div class=\"ce_text block\">Od teraz dost\u0119pne s\u0105 <a href=\"https:\/\/katharina-heinroth-grundschule.de\/pl\/projekt-schulhof\/\">tutaj<\/a> na naszej stronie internetowej, aby uzyska\u0107 aktualne informacje na temat projektu \"Nasz nowy szkolny plac zabaw\".<\/div>\n<div class=\"ce_text block\"><\/div>","protected":false},"excerpt":{"rendered":"<p>Aktualne informacje na temat projektu \"Nasz nowy szkolny plac zabaw\" mo\u017cna teraz znale\u017a\u0107 na naszej stronie internetowej.<\/p>","protected":false},"author":3,"featured_media":0,"comment_status":"open","ping_status":"open","sticky":false,"template":"","format":"standard","meta":{"neve_meta_sidebar":"","neve_meta_container":"","neve_meta_enable_content_width":"","neve_meta_content_width":0,"neve_meta_title_alignment":"","neve_meta_author_avatar":"","neve_post_elements_order":"","neve_meta_disable_header":"","neve_meta_disable_footer":"","neve_meta_disable_title":"","footnotes":""},"categories":[1],"tags":[],"class_list":["post-577","post","type-post","status-publish","format-standard","hentry","category-uncategorized"],"jetpack_featured_media_url":"","_links":{"self":[{"href":"https:\/\/katharina-heinroth-grundschule.de\/pl\/wp-json\/wp\/v2\/posts\/577","targetHints":{"allow":["GET"]}}],"collection":[{"href":"https:\/\/katharina-heinroth-grundschule.de\/pl\/wp-json\/wp\/v2\/posts"}],"about":[{"href":"https:\/\/katharina-heinroth-grundschule.de\/pl\/wp-json\/wp\/v2\/types\/post"}],"author":[{"embeddable":true,"href":"https:\/\/katharina-heinroth-grundschule.de\/pl\/wp-json\/wp\/v2\/users\/3"}],"replies":[{"embeddable":true,"href":"https:\/\/katharina-heinroth-grundschule.de\/pl\/wp-json\/wp\/v2\/comments?post=577"}],"version-history":[{"count":0,"href":"https:\/\/katharina-heinroth-grundschule.de\/pl\/wp-json\/wp\/v2\/posts\/577\/revisions"}],"wp:attachment":[{"href":"https:\/\/katharina-heinroth-grundschule.de\/pl\/wp-json\/wp\/v2\/media?parent=577"}],"wp:term":[{"taxonomy":"category","embeddable":true,"href":"https:\/\/katharina-heinroth-grundschule.de\/pl\/wp-json\/wp\/v2\/categories?post=577"},{"taxonomy":"post_tag","embeddable":true,"href":"https:\/\/katharina-heinroth-grundschule.de\/pl\/wp-json\/wp\/v2\/tags?post=577"}],"curies":[{"name":"wp","href":"https:\/\/api.w.org\/{rel}","templated":true}]}}