{"id":583,"date":"2015-01-08T09:53:01","date_gmt":"2015-01-08T08:53:01","guid":{"rendered":"https:\/\/katharina-heinroth-grundschule.de\/?p=583"},"modified":"2021-08-10T16:07:26","modified_gmt":"2021-08-10T14:07:26","slug":"lets-glaenz","status":"publish","type":"post","link":"https:\/\/katharina-heinroth-grundschule.de\/pl\/2015\/01\/08\/lets-glaenz\/","title":{"rendered":"TANIEC JEST WSPANIA\u0141Y"},"content":{"rendered":"<p>[vc_row][vc_column][vc_empty_space height=&#8220;50px&#8220;][vc_column_text]<strong>Let&#8217;s Gl\u00e4nz<\/strong> \u2013 Ein einzigartiges Projekt, das es versteht Kinder zu begeistern und sich im Tanz mit dem Thema Recycling auseinanderzusetzen.\u00a0Die vier Partner sind Tanz ist KLASSE!, das Staatsballett Berlin, die Berliner Stadtreinigung und Mercedes-Benz Berlin.\u00a0Insgesamt nehmen 120 Kinder aus sechs unterschiedlichen Berliner Grundschulen teil. Unter professioneller Anleitung erarbeiten sie sechs ganz unterschiedliche Tanztheaterst\u00fccke, die sich alle mit den Themen der M\u00fclltrennung, M\u00fcllverwertung und M\u00fcllvermeidung besch\u00e4ftigen.\u00a0Seit Beginn des laufenden Schuljahres arbeitet die Tanzp\u00e4dagogin Kathlyn Pope, mit unserern Sch\u00fclern der 3. Klassen, an einem St\u00fcck, mit Fokus auf das Element &#8222;Papier&#8220;.<\/p>\n<p>Am Sonntag, den 28. Juni 2015 um 16 Uhr zeigen die Sch\u00fcler im Mercedes-Benz Nutzfahrzeug-Zentrum Berlin vor geladenen G\u00e4sten, was sie \u00fcber ein halbes Jahr hinweg erarbeitet haben.\u00a0Hier nun ein kleiner Vorgeschmack auf das gro\u00dfe Finale!<\/p>\n<p>&nbsp;<\/p>\n<p><iframe src=\"\/\/www.youtube.com\/embed\/nsjeMl_DOSg\" width=\"100%\" height=\"350\"><\/iframe><\/p>\n<p>&nbsp;<\/p>\n<p>Weitere Informationen unter: <a href=\"http:\/\/www.staatsballett-berlin.de\/de\/tanz-ist-klasse\/lets-glaenz\">http:\/\/www.staatsballett-berlin.de\/de\/tanz-ist-klasse\/lets-glaenz<\/a>[\/vc_column_text][\/vc_column][\/vc_row][vc_row][vc_column width=&#8220;1\/1&#8243;][vc_empty_space height=&#8220;50px&#8220;][\/vc_column][\/vc_row]<\/p>\n","protected":false},"excerpt":{"rendered":"<p>[vc_row][vc_column][vc_empty_space height=&#8220;50px&#8220;][vc_column_text]Let&#8217;s Gl\u00e4nz \u2013 Ein einzigartiges Projekt, das es versteht Kinder zu begeistern und sich im Tanz mit dem Thema Recycling auseinanderzusetzen.\u00a0Die vier Partner sind Tanz ist KLASSE!, das Staatsballett Berlin, die Berliner Stadtreinigung und Mercedes-Benz Berlin.\u00a0Insgesamt nehmen 120 Kinder aus sechs unterschiedlichen Berliner Grundschulen teil. Unter professioneller Anleitung erarbeiten sie sechs ganz unterschiedliche Tanztheaterst\u00fccke,&hellip;&nbsp;<a href=\"https:\/\/katharina-heinroth-grundschule.de\/pl\/2015\/01\/08\/lets-glaenz\/\" rel=\"bookmark\">Dowiedz si\u0119 wi\u0119cej &raquo;<span class=\"screen-reader-text\">TANZ IST KLASSE<\/span><\/a><\/p>\n","protected":false},"author":3,"featured_media":0,"comment_status":"open","ping_status":"open","sticky":false,"template":"","format":"standard","meta":{"neve_meta_sidebar":"","neve_meta_container":"","neve_meta_enable_content_width":"","neve_meta_content_width":0,"neve_meta_title_alignment":"","neve_meta_author_avatar":"","neve_post_elements_order":"","neve_meta_disable_header":"","neve_meta_disable_footer":"","neve_meta_disable_title":"","footnotes":""},"categories":[1],"tags":[],"class_list":["post-583","post","type-post","status-publish","format-standard","hentry","category-uncategorized"],"jetpack_featured_media_url":"","_links":{"self":[{"href":"https:\/\/katharina-heinroth-grundschule.de\/pl\/wp-json\/wp\/v2\/posts\/583","targetHints":{"allow":["GET"]}}],"collection":[{"href":"https:\/\/katharina-heinroth-grundschule.de\/pl\/wp-json\/wp\/v2\/posts"}],"about":[{"href":"https:\/\/katharina-heinroth-grundschule.de\/pl\/wp-json\/wp\/v2\/types\/post"}],"author":[{"embeddable":true,"href":"https:\/\/katharina-heinroth-grundschule.de\/pl\/wp-json\/wp\/v2\/users\/3"}],"replies":[{"embeddable":true,"href":"https:\/\/katharina-heinroth-grundschule.de\/pl\/wp-json\/wp\/v2\/comments?post=583"}],"version-history":[{"count":0,"href":"https:\/\/katharina-heinroth-grundschule.de\/pl\/wp-json\/wp\/v2\/posts\/583\/revisions"}],"wp:attachment":[{"href":"https:\/\/katharina-heinroth-grundschule.de\/pl\/wp-json\/wp\/v2\/media?parent=583"}],"wp:term":[{"taxonomy":"category","embeddable":true,"href":"https:\/\/katharina-heinroth-grundschule.de\/pl\/wp-json\/wp\/v2\/categories?post=583"},{"taxonomy":"post_tag","embeddable":true,"href":"https:\/\/katharina-heinroth-grundschule.de\/pl\/wp-json\/wp\/v2\/tags?post=583"}],"curies":[{"name":"wp","href":"https:\/\/api.w.org\/{rel}","templated":true}]}}