{"id":9112,"date":"2026-04-26T19:51:51","date_gmt":"2026-04-26T17:51:51","guid":{"rendered":"https:\/\/katharina-heinroth-grundschule.de\/?p=9112"},"modified":"2026-04-26T19:51:53","modified_gmt":"2026-04-26T17:51:53","slug":"schulhof-aufraeumaktion","status":"publish","type":"post","link":"https:\/\/katharina-heinroth-grundschule.de\/pl\/2026\/04\/26\/schulhof-aufraeumaktion\/","title":{"rendered":"Akcja sprz\u0105tania terenu szko\u0142y"},"content":{"rendered":"<p>W sobot\u0119, 18 kwietnia, na naszym szkolnym dziedzi\u0144cu odby\u0142a si\u0119 wielka akcja sprz\u0105tania. Wsp\u00f3lnie pomagali rodzice, dzieci i wszyscy, kt\u00f3rzy chcieli wesprze\u0107 nasz\u0105 szko\u0142\u0119.<\/p>\n\n\n\n<p>W radosnej i przyjemnej atmosferze posprz\u0105tano ca\u0142y teren szkolny \u2013 zebrano stare li\u015bcie, ga\u0142\u0119zie, a tak\u017ce \u015bmieci. Dodatkowo w ogrodzie szkolnym posadzono kwiaty, kt\u00f3re teraz zdobi\u0105 teren szko\u0142y.<\/p>\n\n\n\n<p>Serdeczne podzi\u0119kowania dla wszystkich rodzic\u00f3w, sympatyk\u00f3w oraz przyjaci\u00f3\u0142 szko\u0142y za ich zaanga\u017cowanie. Szczeg\u00f3lne podzi\u0119kowania nale\u017c\u0105 si\u0119 Vidzie Farain za pyszne przek\u0105ski i gor\u0105ce napoje dla wszystkich uczestnik\u00f3w.<\/p>\n\n\n\n<p>Prosimy wszystkich uczni\u00f3w o uszanowanie wsp\u00f3lnej pracy \u2013 prosimy o nie wyrzucanie \u015bmieci i dbanie o nasze otoczenie!<\/p>\n\n\n\n<p><\/p>","protected":false},"excerpt":{"rendered":"<p>W sobot\u0119, 18 kwietnia, odby\u0142a si\u0119 wielka akcja sprz\u0105tania naszego dziedzi\u0144ca szkolnego. Pomagali rodzice, dzieci i wszyscy, kt\u00f3rzy chcieli wesprze\u0107 nasz\u0105 szko\u0142\u0119. W radosnej i przyjemnej atmosferze uporz\u0105dkowano ca\u0142y teren szkolny \u2013 zebrano stare li\u015bcie, ga\u0142\u0119zie, a tak\u017ce \u015bmieci. Dodatkowo posadzono kwiaty w ogrodzie szkolnym, kt\u00f3re teraz zdobi\u0105 teren szkolny\u2026&nbsp;<a href=\"https:\/\/katharina-heinroth-grundschule.de\/pl\/2026\/04\/26\/schulhof-aufraeumaktion\/\" rel=\"bookmark\">Dowiedz si\u0119 wi\u0119cej \u00bb<span class=\"screen-reader-text\">Akcja sprz\u0105tania terenu szko\u0142y<\/span><\/a><\/p>","protected":false},"author":4,"featured_media":0,"comment_status":"closed","ping_status":"closed","sticky":false,"template":"","format":"standard","meta":{"neve_meta_sidebar":"","neve_meta_container":"","neve_meta_enable_content_width":"","neve_meta_content_width":0,"neve_meta_title_alignment":"","neve_meta_author_avatar":"","neve_post_elements_order":"[\"title\",\"meta\",\"thumbnail\",\"content\",\"tags\",\"comments\"]","neve_meta_disable_header":"","neve_meta_disable_footer":"","neve_meta_disable_title":"","footnotes":""},"categories":[111],"tags":[],"class_list":["post-9112","post","type-post","status-publish","format-standard","hentry","category-schulalltag"],"jetpack_featured_media_url":"","_links":{"self":[{"href":"https:\/\/katharina-heinroth-grundschule.de\/pl\/wp-json\/wp\/v2\/posts\/9112","targetHints":{"allow":["GET"]}}],"collection":[{"href":"https:\/\/katharina-heinroth-grundschule.de\/pl\/wp-json\/wp\/v2\/posts"}],"about":[{"href":"https:\/\/katharina-heinroth-grundschule.de\/pl\/wp-json\/wp\/v2\/types\/post"}],"author":[{"embeddable":true,"href":"https:\/\/katharina-heinroth-grundschule.de\/pl\/wp-json\/wp\/v2\/users\/4"}],"replies":[{"embeddable":true,"href":"https:\/\/katharina-heinroth-grundschule.de\/pl\/wp-json\/wp\/v2\/comments?post=9112"}],"version-history":[{"count":1,"href":"https:\/\/katharina-heinroth-grundschule.de\/pl\/wp-json\/wp\/v2\/posts\/9112\/revisions"}],"predecessor-version":[{"id":9113,"href":"https:\/\/katharina-heinroth-grundschule.de\/pl\/wp-json\/wp\/v2\/posts\/9112\/revisions\/9113"}],"wp:attachment":[{"href":"https:\/\/katharina-heinroth-grundschule.de\/pl\/wp-json\/wp\/v2\/media?parent=9112"}],"wp:term":[{"taxonomy":"category","embeddable":true,"href":"https:\/\/katharina-heinroth-grundschule.de\/pl\/wp-json\/wp\/v2\/categories?post=9112"},{"taxonomy":"post_tag","embeddable":true,"href":"https:\/\/katharina-heinroth-grundschule.de\/pl\/wp-json\/wp\/v2\/tags?post=9112"}],"curies":[{"name":"wp","href":"https:\/\/api.w.org\/{rel}","templated":true}]}}