{"id":945,"date":"2015-05-06T09:45:52","date_gmt":"2015-05-06T07:45:52","guid":{"rendered":"https:\/\/katharina-heinroth-grundschule.de\/?p=945"},"modified":"2021-08-10T16:07:26","modified_gmt":"2021-08-10T14:07:26","slug":"grand-prix-de-la-petite-chanson-2015","status":"publish","type":"post","link":"https:\/\/katharina-heinroth-grundschule.de\/pl\/2015\/05\/06\/grand-prix-de-la-petite-chanson-2015\/","title":{"rendered":"GRAND PRIX DE LA PETITE CHANSON 2015"},"content":{"rendered":"<p>Konkurs berli\u0144skich pa\u0144stwowych szk\u00f3\u0142 europejskich\u00a0<strong>\"GRAND PRIX DE LA PETITE CHANSON\"<\/strong>\u00a0odby\u0142 si\u0119 w tym roku 6 maja 2015 r. w FEZ. Uczniowie wsp\u00f3lnie \u015bwi\u0119towali Dzie\u0144 Europy.<\/p>","protected":false},"excerpt":{"rendered":"<p>Der Wettbewerb der Staatlichen Europaschulen Berlins\u00a0\u201eGRAND PRIX DE LA PETITE CHANSON\u201c\u00a0fand in diesem Jahr am 06.05.2015 im FEZ statt. Die Sch\u00fclerinnen und Sch\u00fcler feierten gemeinsam den Europatag.<\/p>","protected":false},"author":3,"featured_media":0,"comment_status":"open","ping_status":"open","sticky":false,"template":"","format":"standard","meta":{"neve_meta_sidebar":"","neve_meta_container":"","neve_meta_enable_content_width":"","neve_meta_content_width":0,"neve_meta_title_alignment":"","neve_meta_author_avatar":"","neve_post_elements_order":"","neve_meta_disable_header":"","neve_meta_disable_footer":"","neve_meta_disable_title":"","footnotes":""},"categories":[1],"tags":[],"class_list":["post-945","post","type-post","status-publish","format-standard","hentry","category-uncategorized"],"jetpack_featured_media_url":"","_links":{"self":[{"href":"https:\/\/katharina-heinroth-grundschule.de\/pl\/wp-json\/wp\/v2\/posts\/945","targetHints":{"allow":["GET"]}}],"collection":[{"href":"https:\/\/katharina-heinroth-grundschule.de\/pl\/wp-json\/wp\/v2\/posts"}],"about":[{"href":"https:\/\/katharina-heinroth-grundschule.de\/pl\/wp-json\/wp\/v2\/types\/post"}],"author":[{"embeddable":true,"href":"https:\/\/katharina-heinroth-grundschule.de\/pl\/wp-json\/wp\/v2\/users\/3"}],"replies":[{"embeddable":true,"href":"https:\/\/katharina-heinroth-grundschule.de\/pl\/wp-json\/wp\/v2\/comments?post=945"}],"version-history":[{"count":0,"href":"https:\/\/katharina-heinroth-grundschule.de\/pl\/wp-json\/wp\/v2\/posts\/945\/revisions"}],"wp:attachment":[{"href":"https:\/\/katharina-heinroth-grundschule.de\/pl\/wp-json\/wp\/v2\/media?parent=945"}],"wp:term":[{"taxonomy":"category","embeddable":true,"href":"https:\/\/katharina-heinroth-grundschule.de\/pl\/wp-json\/wp\/v2\/categories?post=945"},{"taxonomy":"post_tag","embeddable":true,"href":"https:\/\/katharina-heinroth-grundschule.de\/pl\/wp-json\/wp\/v2\/tags?post=945"}],"curies":[{"name":"wp","href":"https:\/\/api.w.org\/{rel}","templated":true}]}}