{"id":952,"date":"2015-05-09T10:04:05","date_gmt":"2015-05-09T08:04:05","guid":{"rendered":"https:\/\/katharina-heinroth-grundschule.de\/?p=952"},"modified":"2021-08-10T16:07:26","modified_gmt":"2021-08-10T14:07:26","slug":"09-05-2015-wir-machen-unseren-schulhof-schoen-tag","status":"publish","type":"post","link":"https:\/\/katharina-heinroth-grundschule.de\/pl\/2015\/05\/09\/09-05-2015-wir-machen-unseren-schulhof-schoen-tag\/","title":{"rendered":"Dzie\u0144 \"Upi\u0119kszamy nasze szkolne podw\u00f3rko\""},"content":{"rendered":"<p>Pierwszy dzie\u0144 akcji na podw\u00f3rku szkolnym zako\u0144czy\u0142 si\u0119 pe\u0142nym sukcesem! Ponad 40 rodzic\u00f3w, dziadk\u00f3w, przyjaci\u00f3\u0142 i dzieci spotka\u0142o si\u0119 na naszym szkolnym boisku 9 maja 2015 roku.<br \/>\nPo raz pierwszy pomalowano domki do zabawy i sprz\u0119t. Zawieszono dwa hotele dla owad\u00f3w, stworzono pierwszy kompost i zbudowano pierwsz\u0105 ma\u0142\u0105 podwy\u017cszon\u0105 grz\u0105dk\u0119 (wykonan\u0105 ze starych drewnianych \u0142awek). Posadzili\u015bmy r\u00f3wnie\u017c sadzonki truskawek w nowej podwy\u017cszonej grz\u0105dce i obsadzili\u015bmy pomalowane przez dzieci opony samochodowe ziemi\u0105 doniczkow\u0105 i podarowanymi kwiatami. Wci\u0105\u017c mamy wiele do zrobienia! W czerwcu odb\u0119dzie si\u0119 drugi dzie\u0144 akcji, kiedy ponownie b\u0119dziemy pracowa\u0107 nad domami. Du\u017ce panele na \u015bcianie b\u0119d\u0105 r\u00f3wnie\u017c szlifowane. Z niecierpliwo\u015bci\u0105 czekamy na wielu magik\u00f3w. Wtedy wkr\u00f3tce b\u0119dzie naprawd\u0119 pi\u0119knie!<\/p>","protected":false},"excerpt":{"rendered":"<p>Der erste Schulhof Aktionstag war ein voller Erfolg! \u00dcber 40 Eltern, Gro\u00dfeltern, Freunde und Kinder haben sich am 9. Mai 2015 auf unserem Schulhof getroffen. Die Spiel- und Ger\u00e4teh\u00e4uschen wurden erstmalig gestrichen. Zwei Insektenhotels wurden aufgeh\u00e4ngt, der erste Kompost wurde angelegt sowie das erste kleine Hochbeet, (aus alten Holzb\u00e4nken), selbst gebaut.\u00a0Au\u00dferdem haben wir das neue&hellip;&nbsp;<a href=\"https:\/\/katharina-heinroth-grundschule.de\/pl\/2015\/05\/09\/09-05-2015-wir-machen-unseren-schulhof-schoen-tag\/\" rel=\"bookmark\">Dowiedz si\u0119 wi\u0119cej \u00bb<span class=\"screen-reader-text\">Dzie\u0144 \"Upi\u0119kszamy nasze szkolne podw\u00f3rko\"<\/span><\/a><\/p>","protected":false},"author":3,"featured_media":0,"comment_status":"open","ping_status":"open","sticky":false,"template":"","format":"standard","meta":{"neve_meta_sidebar":"","neve_meta_container":"","neve_meta_enable_content_width":"","neve_meta_content_width":0,"neve_meta_title_alignment":"","neve_meta_author_avatar":"","neve_post_elements_order":"","neve_meta_disable_header":"","neve_meta_disable_footer":"","neve_meta_disable_title":"","footnotes":""},"categories":[11],"tags":[],"class_list":["post-952","post","type-post","status-publish","format-standard","hentry","category-foerderverein"],"jetpack_featured_media_url":"","_links":{"self":[{"href":"https:\/\/katharina-heinroth-grundschule.de\/pl\/wp-json\/wp\/v2\/posts\/952","targetHints":{"allow":["GET"]}}],"collection":[{"href":"https:\/\/katharina-heinroth-grundschule.de\/pl\/wp-json\/wp\/v2\/posts"}],"about":[{"href":"https:\/\/katharina-heinroth-grundschule.de\/pl\/wp-json\/wp\/v2\/types\/post"}],"author":[{"embeddable":true,"href":"https:\/\/katharina-heinroth-grundschule.de\/pl\/wp-json\/wp\/v2\/users\/3"}],"replies":[{"embeddable":true,"href":"https:\/\/katharina-heinroth-grundschule.de\/pl\/wp-json\/wp\/v2\/comments?post=952"}],"version-history":[{"count":0,"href":"https:\/\/katharina-heinroth-grundschule.de\/pl\/wp-json\/wp\/v2\/posts\/952\/revisions"}],"wp:attachment":[{"href":"https:\/\/katharina-heinroth-grundschule.de\/pl\/wp-json\/wp\/v2\/media?parent=952"}],"wp:term":[{"taxonomy":"category","embeddable":true,"href":"https:\/\/katharina-heinroth-grundschule.de\/pl\/wp-json\/wp\/v2\/categories?post=952"},{"taxonomy":"post_tag","embeddable":true,"href":"https:\/\/katharina-heinroth-grundschule.de\/pl\/wp-json\/wp\/v2\/tags?post=952"}],"curies":[{"name":"wp","href":"https:\/\/api.w.org\/{rel}","templated":true}]}}